[{"@context":"https:\/\/schema.org\/","@type":"Article","@id":"https:\/\/www.tisina.cz\/znate-vranovskou-prehradu\/#Article","mainEntityOfPage":"https:\/\/www.tisina.cz\/znate-vranovskou-prehradu\/","headline":"Zn\u00e1te Vranovskou p\u0159ehradu?","name":"Zn\u00e1te Vranovskou p\u0159ehradu?","description":"Za minul\u00e9ho re\u017eimu tomu tak nebylo, ale dnes u\u017e tomu tak je. Hranice se n\u00e1m \u010cech\u016fm u\u017e d\u00e1vno otev\u0159ely doko\u0159\u00e1n a t\u011b\u017eko bychom hledali na sv\u011bt\u011b m\u00edsto, kde by je\u0161t\u011b nikdo z na\u0161inc\u016f nebyl. Aspo\u0148 pokud jde o m\u00edsta, kde to za n\u011bco stoj\u00ed, kde nejsou neakceptovateln\u00e9 \u017eivotn\u00ed podm\u00ednky. Procestovali jsme tedy v r\u00e1mci sv\u00fdch [&hellip;]","datePublished":"2024-10-21","dateModified":"2024-10-21","author":{"@type":"Person","@id":"https:\/\/www.tisina.cz\/author\/#Person","name":"","url":"https:\/\/www.tisina.cz\/author\/","identifier":1,"image":{"@type":"ImageObject","@id":"https:\/\/secure.gravatar.com\/avatar\/d89f66f31d15c86aaa67b2d500e11b783534f791bc2a93dd89895a03d043c162?s=96&d=mm&r=g","url":"https:\/\/secure.gravatar.com\/avatar\/d89f66f31d15c86aaa67b2d500e11b783534f791bc2a93dd89895a03d043c162?s=96&d=mm&r=g","height":96,"width":96}},"publisher":{"@type":"Organization","name":"tisina.cz","logo":{"@type":"ImageObject","@id":"\/logo.png","url":"\/logo.png","width":600,"height":60}},"image":{"@type":"ImageObject","@id":"https:\/\/www.tisina.cz\/wp-content\/uploads\/%C5%BE_10_10_6.jpg","url":"https:\/\/www.tisina.cz\/wp-content\/uploads\/%C5%BE_10_10_6.jpg","height":0,"width":0},"url":"https:\/\/www.tisina.cz\/znate-vranovskou-prehradu\/","about":["Spole\u010dnosti"],"wordCount":416,"articleBody":"        Za minul\u00e9ho re\u017eimu tomu tak nebylo, ale dnes u\u017e tomu tak je. Hranice se n\u00e1m \u010cech\u016fm u\u017e d\u00e1vno otev\u0159ely doko\u0159\u00e1n a t\u011b\u017eko bychom hledali na sv\u011bt\u011b m\u00edsto, kde by je\u0161t\u011b nikdo z na\u0161inc\u016f nebyl. Aspo\u0148 pokud jde o m\u00edsta, kde to za n\u011bco stoj\u00ed, kde nejsou neakceptovateln\u00e9 \u017eivotn\u00ed podm\u00ednky. Procestovali jsme tedy v r\u00e1mci sv\u00fdch mo\u017enost\u00ed po\u0159\u00e1dn\u00fd kus sv\u011bta. A co d\u00e1l? Mo\u017en\u00e1 by neu\u0161kodilo, kdybychom te\u010f, uspokojeni v touze po pozn\u00e1v\u00e1n\u00ed ciz\u00edch kraj\u016f, zam\u00ed\u0159ili zase jednou n\u011bkam u n\u00e1s. V\u017edy\u0165 i u n\u00e1s je tolik kouzeln\u00fdch m\u00edst! A na spoust\u011b z nich jsme je\u0161t\u011b nebyli, co\u017e nen\u00ed mimo jin\u00e9 ani patriotick\u00e9, ani moudr\u00e9. Proto\u017ee jsou i m\u00edsta, kde je to daleko lep\u0161\u00ed ne\u017e v ciz\u00edch kraj\u00edch. Nap\u0159\u00edklad u takov\u00e9 Vranovsk\u00e9 p\u0159ehrady je lidem skute\u010dn\u011b blaze. Sta\u010d\u00ed tu objevit penzion Vranovsk\u00e1 p\u0159ehrada Benatky214 a \u010dlov\u011bk r\u00e1zem zjist\u00ed, o co doposud p\u0159ich\u00e1zel. Pokud se bav\u00edme o t\u00e9to oblasti, v\u011bzte, \u017ee se tu d\u00e1 vyrazit t\u0159eba do n\u00e1rodn\u00edho parku Podyj\u00ed, kde si lze u\u017e\u00edvat kr\u00e1s na\u0161\u00ed p\u0159\u00edrody. Nebo se tu daj\u00ed podnikat skv\u011bl\u00e9 v\u00fdlety kolem Vranovsk\u00e9 p\u0159ehrady. Nebo tu m\u016f\u017eete pozn\u00e1vat r\u016fzn\u00e9 pam\u00e1tky a atrakce. Ale m\u016f\u017eete si tu naprosto pochopiteln\u011b u\u017e\u00edvat i vodn\u00ed sporty nebo naopak leno\u0161en\u00ed u vody, ke kter\u00e9 to tu nen\u00ed daleko. Sta\u010d\u00ed si tu prost\u011b rezervovat bydlen\u00ed v penzionu a zav\u00edtat sem. A to klidn\u011b i s mal\u00fdmi d\u011btmi, kter\u00e9 si tu ur\u010dit\u011b tak\u00e9 p\u0159ijdou na sv\u00e9, stejn\u011b jako dosp\u011bl\u00ed. Zdej\u0161\u00ed ubytov\u00e1n\u00ed v pohodl\u00ed a soukrom\u00ed je pro spoustu lid\u00ed ur\u010dit\u011b to prav\u00e9. Proto\u017ee u\u017e nikdo nepozn\u00e1, \u017ee to nebylo v\u017edy jenom dne\u0161n\u00ed dokonal\u00e9 ubytovac\u00ed za\u0159\u00edzen\u00ed. To tu vzniklo z p\u016fvodn\u00ed nevyu\u017eit\u00e9 \u017eelezni\u010dn\u00ed n\u00e1dra\u017en\u00ed haly, pozd\u011bji komun\u00e1lu a m\u00edsta vyu\u017e\u00edvan\u00e9ho k \u0159emeslnick\u00e9 v\u00fdrob\u011b. A dnes se tu nab\u00edz\u00ed v m\u00edst\u011b z konce devaten\u00e1ct\u00e9ho stolet\u00ed nejen kvalitn\u00ed postele a nem\u00e9n\u011b kvalitn\u00ed sn\u00eddan\u011b, ale t\u0159eba i rychl\u00e1 Wi-Fi, uzamykateln\u00e1 kol\u00e1rny, mas\u00e1\u017en\u00ed vana, infrasauna\u2026 Prost\u011b v\u0161e, co tu ud\u011bl\u00e1 jist\u011b dob\u0159e i v\u00e1m.                                                                                                                                                                                                                                                                                                                                                                                          3.9\/5 - (8 votes)        "},{"@context":"https:\/\/schema.org\/","@type":"BreadcrumbList","itemListElement":[{"@type":"ListItem","position":1,"name":"Zn\u00e1te Vranovskou p\u0159ehradu?","item":"https:\/\/www.tisina.cz\/znate-vranovskou-prehradu\/#breadcrumbitem"}]}]