[{"@context":"https:\/\/schema.org\/","@type":"Article","@id":"https:\/\/www.tisina.cz\/stehujeme-se-na-jare-a-v-poklidu\/#Article","mainEntityOfPage":"https:\/\/www.tisina.cz\/stehujeme-se-na-jare-a-v-poklidu\/","headline":"St\u011bhujeme se na ja\u0159e a v poklidu","name":"St\u011bhujeme se na ja\u0159e a v poklidu","description":"Chyst\u00e1te se na st\u011bhov\u00e1n\u00ed bytu a chcete zn\u00e1t 6 tip\u016f pro bezprobl\u00e9mov\u00e9 jarn\u00ed st\u011bhov\u00e1n\u00ed? Mo\u017en\u00e1, \u017ee je zn\u00e1te a uv\u011bdomujete si je, a tak to t\u0159eba bude pouh\u00e1 p\u0159ipom\u00ednka, abyste na n\u011b nezapomn\u011bli. Zde jsou alespo\u0148 t\u0159i hlavn\u00ed: Objedn\u00e1vejte st\u011bhov\u00e1ky v\u010das \u2013 spol\u00e9hat se na to, \u017ee v\u00e1s st\u011bhovac\u00ed firma p\u0159est\u011bhuje v p\u00e1tek ve stejn\u00e9m [&hellip;]","datePublished":"2024-07-12","dateModified":"2024-07-12","author":{"@type":"Person","@id":"https:\/\/www.tisina.cz\/author\/#Person","name":"","url":"https:\/\/www.tisina.cz\/author\/","identifier":1,"image":{"@type":"ImageObject","@id":"https:\/\/secure.gravatar.com\/avatar\/d89f66f31d15c86aaa67b2d500e11b783534f791bc2a93dd89895a03d043c162?s=96&d=mm&r=g","url":"https:\/\/secure.gravatar.com\/avatar\/d89f66f31d15c86aaa67b2d500e11b783534f791bc2a93dd89895a03d043c162?s=96&d=mm&r=g","height":96,"width":96}},"publisher":{"@type":"Organization","name":"tisina.cz","logo":{"@type":"ImageObject","@id":"\/logo.png","url":"\/logo.png","width":600,"height":60}},"image":{"@type":"ImageObject","@id":"https:\/\/www.tisina.cz\/wp-content\/uploads\/boxes-4386249_640_3.png","url":"https:\/\/www.tisina.cz\/wp-content\/uploads\/boxes-4386249_640_3.png","height":0,"width":0},"url":"https:\/\/www.tisina.cz\/stehujeme-se-na-jare-a-v-poklidu\/","about":["Spole\u010dnosti"],"wordCount":440,"articleBody":"   Chyst\u00e1te se na st\u011bhov\u00e1n\u00ed bytu a chcete zn\u00e1t 6 tip\u016f pro bezprobl\u00e9mov\u00e9 jarn\u00ed st\u011bhov\u00e1n\u00ed? Mo\u017en\u00e1, \u017ee je zn\u00e1te a uv\u011bdomujete si je, a tak to t\u0159eba bude pouh\u00e1 p\u0159ipom\u00ednka, abyste na n\u011b nezapomn\u011bli. Zde jsou alespo\u0148 t\u0159i hlavn\u00ed:Objedn\u00e1vejte st\u011bhov\u00e1ky v\u010das \u2013 spol\u00e9hat se na to, \u017ee v\u00e1s st\u011bhovac\u00ed firma p\u0159est\u011bhuje v p\u00e1tek ve stejn\u00e9m t\u00fddnu, kdy\u017e je dnes \u00fater\u00fd, je po\u0161etil\u00e9, a pravd\u011bpodobn\u011b v\u00e1m to nevyjde. St\u011bhov\u00e1ky mus\u00edte objedn\u00e1vat alespo\u0148 t\u0159i t\u00fddny, nejl\u00e9pe p\u011bt t\u00fddn\u016f p\u0159edem. A pokud se st\u011bhujete z Prahy, do Prahy nebo v r\u00e1mci jin\u00e9ho v\u011bt\u0161\u00edho m\u011bsta, kde se plat\u00ed za parkov\u00e1n\u00ed, bude zapot\u0159eb\u00ed zajistit parkovac\u00ed m\u00edsto pro st\u011bhovac\u00ed v\u016fz na dan\u00fd term\u00edn, a po\u010d\u00edtejte s t\u00edm, \u017ee \u00fa\u0159edn\u00edci maj\u00ed na vy\u0159\u00edzen\u00ed va\u0161\u00ed \u017e\u00e1dosti cel\u00fd m\u011bs\u00edc. V tomto p\u0159\u00edpad\u011b se tedy vypl\u00e1c\u00ed kontaktovat st\u011bhov\u00e1ky alespo\u0148 35 dn\u016f p\u0159ed st\u011bhov\u00e1n\u00edm, abyste zjistili rozm\u011bry st\u011bhovac\u00edho vozidla, a mohli za\u017e\u00e1dat o parkovac\u00ed m\u00edsto na m\u011bstsk\u00e9m magistr\u00e1tu i s t\u011bmito \u00fadaji.Balic\u00ed materi\u00e1l a kartonov\u00e9 krabice \u2013 toto je naprost\u00fd z\u00e1klad ka\u017ed\u00e9ho st\u011bhov\u00e1n\u00ed a chcete-li balit v\u011bci do star\u00fdch \u010dasopis\u016f, pak v\u00e1s varujeme p\u0159edem p\u0159ed probl\u00e9my, kter\u00e9 zp\u016fsobuje tiska\u0159sk\u00e1 barva. Zap\u00e1ch\u00e1, \u0161pin\u00ed, je toxick\u00e1, a va\u0161e p\u0159edm\u011bty mohou b\u00fdt t\u00edmto zp\u016fsobem i nevratn\u011b po\u0161kozen\u00e9. Po\u0159i\u010fte si proto p\u0159edem, dokud je \u010das, bublinkovou f\u00f3lii a tenkou stretch f\u00f3lii pro balen\u00ed dom\u00e1c\u00edch spot\u0159ebi\u010d\u016f a n\u00e1bytku, a na v\u0161echno ostatn\u00ed bublinkovou f\u00f3lii. Z\u00e1rove\u0148 je vhodn\u00e9 nakoupit nebo alespo\u0148 zap\u016fj\u010dit od st\u011bhov\u00e1k\u016f kartonov\u00e9 krabice, kter\u00e9 nejsou po\u0161kozen\u00e9, rozm\u00e1\u010den\u00e9 a plesniv\u00e9, co\u017e se m\u016f\u017ee st\u00e1t u krabic vy\u0159azen\u00fdch z obchodn\u00edch dom\u016f.Odpo\u010d\u00edvejte \u2013 pokud m\u00e1te na p\u0159\u00edpravy ke st\u011bhov\u00e1n\u00ed zhruba m\u011bs\u00edc \u010dasu, rozvrhn\u011bte si balen\u00ed v\u011bc\u00ed a demont\u00e1\u017e n\u00e1bytku tak, abyste v\u0161e prov\u00e1d\u011bli postupn\u011b, pomalu, bez stresu a v poklidu. Dop\u0159ejte si b\u011bhem p\u0159\u00edprav v\u00edce odpo\u010dinku, vyu\u017e\u00edvejte j\u00edzdu na kole, b\u011b\u017ete si zaplavat do baz\u00e9nu nebo alespo\u0148 \u010dast\u011bji zajd\u011bte do restaurace nebo do \u010dajovny.                                                                                                                                                                                                                                                                                                                                                                                          4.3\/5 - (7 votes)        "},{"@context":"https:\/\/schema.org\/","@type":"BreadcrumbList","itemListElement":[{"@type":"ListItem","position":1,"name":"St\u011bhujeme se na ja\u0159e a v poklidu","item":"https:\/\/www.tisina.cz\/stehujeme-se-na-jare-a-v-poklidu\/#breadcrumbitem"}]}]