[{"@context":"https:\/\/schema.org\/","@type":"Article","@id":"https:\/\/www.tisina.cz\/pocitac-od-bratra\/#Article","mainEntityOfPage":"https:\/\/www.tisina.cz\/pocitac-od-bratra\/","headline":"Po\u010d\u00edta\u010d od bratra","name":"Po\u010d\u00edta\u010d od bratra","description":"Pamatuji si, kdy\u017e jsem chodila do sedm\u00e9 t\u0159\u00eddy a p\u0159\u00e1la jsem si po\u010d\u00edta\u010d. Pamatuji si taky ve t\u0159\u00edd\u011b, kdy\u017e se na to pan\u00ed u\u010ditelka ptala, co bychom si p\u0159\u00e1li na V\u00e1noce. J\u00e1 jsem ani nev\u00e1hala a ihned jsem \u0159ekla, \u017ee bych cht\u011bla po\u010d\u00edta\u010d. A to hlavn\u011b z toho d\u016fvodu, \u017ee v\u0161ichni ve t\u0159\u00edd\u011b u\u017e po\u010d\u00edta\u010d [&hellip;]","datePublished":"2022-07-06","dateModified":"2023-05-30","author":{"@type":"Person","@id":"https:\/\/www.tisina.cz\/author\/#Person","name":"","url":"https:\/\/www.tisina.cz\/author\/","identifier":1,"image":{"@type":"ImageObject","@id":"https:\/\/secure.gravatar.com\/avatar\/d89f66f31d15c86aaa67b2d500e11b783534f791bc2a93dd89895a03d043c162?s=96&d=mm&r=g","url":"https:\/\/secure.gravatar.com\/avatar\/d89f66f31d15c86aaa67b2d500e11b783534f791bc2a93dd89895a03d043c162?s=96&d=mm&r=g","height":96,"width":96}},"publisher":{"@type":"Organization","name":"tisina.cz","logo":{"@type":"ImageObject","@id":"\/logo.png","url":"\/logo.png","width":600,"height":60}},"image":{"@type":"ImageObject","@id":"https:\/\/www.tisina.cz\/wp-content\/uploads\/client-3691432_960_720_3.jpg","url":"https:\/\/www.tisina.cz\/wp-content\/uploads\/client-3691432_960_720_3.jpg","height":0,"width":0},"url":"https:\/\/www.tisina.cz\/pocitac-od-bratra\/","about":["IT"],"wordCount":428,"articleBody":"Pamatuji si, kdy\u017e jsem chodila do sedm\u00e9 t\u0159\u00eddy a p\u0159\u00e1la jsem si po\u010d\u00edta\u010d. Pamatuji si taky ve t\u0159\u00edd\u011b, kdy\u017e se na to pan\u00ed u\u010ditelka ptala, co bychom si p\u0159\u00e1li na V\u00e1noce. J\u00e1 jsem ani nev\u00e1hala a ihned jsem \u0159ekla, \u017ee bych cht\u011bla po\u010d\u00edta\u010d. A to hlavn\u011b z toho d\u016fvodu, \u017ee v\u0161ichni ve t\u0159\u00edd\u011b u\u017e po\u010d\u00edta\u010d m\u011bli. Taky to samoz\u0159ejm\u011b dopadlo tak, \u017ee se mi cel\u00e1 t\u0159\u00edda za\u010dala sm\u00e1t a ptali se m\u011b, pro\u010d nem\u00e1m doma po\u010d\u00edta\u010d. A n\u011bkdo se m\u011b ptal, \u017ee se asi d\u011bl\u00e1m srandu, \u017ee m\u00e1m doma jist\u011b star\u00fd po\u010d\u00edta\u010d, ale tou\u017e\u00edm po nov\u00e9m po\u010d\u00edta\u010di. Ani nev\u00edte, jak mi bylo trapn\u011b. Styd\u011bla jsem se a cht\u011blo se mi taky bre\u010det. V sedm\u00e9 t\u0159\u00edd\u011b a \u017ee nem\u00e1m po\u010d\u00edta\u010d?\u00a0No, to bylo k sm\u00edchu. Bylo mi opravdu trapn\u011b a j\u00e1 jsem si vy\u010d\u00edtala sama sob\u011b, \u017ee jsem v\u016fbec n\u011bco \u0159ekla. M\u011bla jsem si sv\u016fj sen o po\u010d\u00edta\u010d a rad\u011bji nechat pro sebe. Takhle jsem se alespo\u0148 jenom ztrapnila. A dala jsem takhle d\u016fvod v\u0161em zl\u00fdm jazyk\u016fm, aby se mi sm\u00e1ly nebo m\u011b n\u011bjak pomlouvaly. Nakonec to v\u0161echno dopadlo tak, \u017ee a\u017e do konce sedm\u00e9 t\u0159\u00eddy se m\u011b spolu\u017e\u00e1ci ptali, jestli u\u017e m\u00e1m doma po\u010d\u00edta\u010d. Ostuda! A samoz\u0159ejm\u011b, \u017ee jako d\u00e1rek na V\u00e1noce jsem po\u010d\u00edta\u010d \u017e\u00e1dn\u00fd nedostala.A dostala jsem pouze jenom n\u011bjak\u00e9 video hry a\u00a0PlayStation, kter\u00e9 jsem sice cht\u011bla, ale rad\u011bji jsem cht\u011bla po\u010d\u00edta\u010d. A to v\u0161echno kv\u016fli informa\u010dn\u00ed technologii. Proto\u017ee m\u016fj bratr je o sedm let star\u0161\u00ed a \u0159\u00edk\u00e1, \u017ee v budoucnu se mi bude hodit samoz\u0159ejm\u011b informa\u010dn\u00ed technologie a po\u010d\u00edta\u010d, co\u017e samoz\u0159ejm\u011b ch\u00e1pu. Jenom\u017ee jak se m\u016f\u017eu u\u010dit informatice a dal\u0161\u00ed informa\u010dn\u00ed technologii, kdy\u017e nem\u00e1m doma po\u010d\u00edta\u010d? Na\u0161t\u011bst\u00ed to vymyslel m\u016fj bratr za m\u011b a poslal mi z Prahy sv\u016fj star\u00fd po\u010d\u00edta\u010d, kde mi taky popsal r\u016fzn\u00e9 funkce, jak s po\u010d\u00edta\u010dem zach\u00e1zet. Byla jsem r\u00e1da, \u017ee mi bratr poslal\u00a0alespo\u0148 sv\u016fj star\u00fd po\u010d\u00edta\u010d. Alespo\u0148 takhle se nau\u010d\u00edm s po\u010d\u00edta\u010dem zach\u00e1zet. Tak jsem si \u0159ekla, \u017ee se mus\u00edm sna\u017eit, abych si splnila v\u0161echny sny.\u00a0                                                                                                                                                                                                                                                                                                                                                                                        3.4\/5 - (5 votes)        "},{"@context":"https:\/\/schema.org\/","@type":"BreadcrumbList","itemListElement":[{"@type":"ListItem","position":1,"name":"Po\u010d\u00edta\u010d od bratra","item":"https:\/\/www.tisina.cz\/pocitac-od-bratra\/#breadcrumbitem"}]}]