[{"@context":"https:\/\/schema.org\/","@type":"Blog","@id":"https:\/\/www.tisina.cz#Blog","headline":"Tisina","description":"\nKdy\u017e n\u011bkdo vsad\u00ed na nab\u00eddku, kterou lze objevit na na\u0161em webu, m\u016f\u017ee nal\u00e9zt p\u0159esn\u011b to, po \u010dem p\u00e1tr\u00e1. My toti\u017e nenab\u00edz\u00edme nic, o co by nikdo nest\u00e1l.","url":"https:\/\/www.tisina.cz","hasPart":[{"@type":"Article","@id":"https:\/\/www.tisina.cz\/kdyz-nechcete-jen-obycejne-schody\/","headline":"Kdy\u017e nechcete jen oby\u010dejn\u00e9 schody","url":"https:\/\/www.tisina.cz\/kdyz-nechcete-jen-obycejne-schody\/","datePublished":"2024-11-27","dateModified":"2024-11-27","mainEntityOfPage":"https:\/\/www.tisina.cz\/kdyz-nechcete-jen-obycejne-schody\/","author":{"@type":"Person","@id":"https:\/\/www.tisina.cz\/author\/#Person","name":"","url":"https:\/\/www.tisina.cz\/author\/","identifier":1,"image":{"@type":"ImageObject","@id":"https:\/\/secure.gravatar.com\/avatar\/d89f66f31d15c86aaa67b2d500e11b783534f791bc2a93dd89895a03d043c162?s=96&d=mm&r=g","url":"https:\/\/secure.gravatar.com\/avatar\/d89f66f31d15c86aaa67b2d500e11b783534f791bc2a93dd89895a03d043c162?s=96&d=mm&r=g","height":96,"width":96}},"publisher":{"@type":"Organization","name":"tisina.cz","logo":{"@type":"ImageObject","@id":"\/logo.png","url":"\/logo.png","width":600,"height":60}},"image":{"@type":"ImageObject","@id":"https:\/\/www.tisina.cz\/wp-content\/uploads\/stairs-1229149_640.jpg","url":"https:\/\/www.tisina.cz\/wp-content\/uploads\/stairs-1229149_640.jpg","height":0,"width":0},"wordCount":548,"keywords":null},{"@type":"Article","@id":"https:\/\/www.tisina.cz\/od-obtizi-vam-dokazeme-pomoci-ambulantne\/","headline":"Od obt\u00ed\u017e\u00ed v\u00e1m dok\u00e1\u017eeme pomoci ambulantn\u011b","url":"https:\/\/www.tisina.cz\/od-obtizi-vam-dokazeme-pomoci-ambulantne\/","datePublished":"2024-11-26","dateModified":"2024-11-26","mainEntityOfPage":"https:\/\/www.tisina.cz\/od-obtizi-vam-dokazeme-pomoci-ambulantne\/","author":{"@type":"Person","@id":"https:\/\/www.tisina.cz\/author\/#Person","name":"","url":"https:\/\/www.tisina.cz\/author\/","identifier":1,"image":{"@type":"ImageObject","@id":"https:\/\/secure.gravatar.com\/avatar\/d89f66f31d15c86aaa67b2d500e11b783534f791bc2a93dd89895a03d043c162?s=96&d=mm&r=g","url":"https:\/\/secure.gravatar.com\/avatar\/d89f66f31d15c86aaa67b2d500e11b783534f791bc2a93dd89895a03d043c162?s=96&d=mm&r=g","height":96,"width":96}},"publisher":{"@type":"Organization","name":"tisina.cz","logo":{"@type":"ImageObject","@id":"\/logo.png","url":"\/logo.png","width":600,"height":60}},"image":null,"wordCount":286,"keywords":null},{"@type":"Article","@id":"https:\/\/www.tisina.cz\/zajisti-vam-efektivni-ochranu-proti-slunci\/","headline":"Zajist\u00ed v\u00e1m efektivn\u00ed ochranu proti slunci","url":"https:\/\/www.tisina.cz\/zajisti-vam-efektivni-ochranu-proti-slunci\/","datePublished":"2024-11-17","dateModified":"2024-11-17","mainEntityOfPage":"https:\/\/www.tisina.cz\/zajisti-vam-efektivni-ochranu-proti-slunci\/","author":{"@type":"Person","@id":"https:\/\/www.tisina.cz\/author\/#Person","name":"","url":"https:\/\/www.tisina.cz\/author\/","identifier":1,"image":{"@type":"ImageObject","@id":"https:\/\/secure.gravatar.com\/avatar\/d89f66f31d15c86aaa67b2d500e11b783534f791bc2a93dd89895a03d043c162?s=96&d=mm&r=g","url":"https:\/\/secure.gravatar.com\/avatar\/d89f66f31d15c86aaa67b2d500e11b783534f791bc2a93dd89895a03d043c162?s=96&d=mm&r=g","height":96,"width":96}},"publisher":{"@type":"Organization","name":"tisina.cz","logo":{"@type":"ImageObject","@id":"\/logo.png","url":"\/logo.png","width":600,"height":60}},"image":null,"wordCount":238,"keywords":null},{"@type":"Article","@id":"https:\/\/www.tisina.cz\/vyzkousejte-neco-noveho\/","headline":"Vyzkou\u0161ejte n\u011bco nov\u00e9ho","url":"https:\/\/www.tisina.cz\/vyzkousejte-neco-noveho\/","datePublished":"2024-11-16","dateModified":"2024-11-16","mainEntityOfPage":"https:\/\/www.tisina.cz\/vyzkousejte-neco-noveho\/","author":{"@type":"Person","@id":"https:\/\/www.tisina.cz\/author\/#Person","name":"","url":"https:\/\/www.tisina.cz\/author\/","identifier":1,"image":{"@type":"ImageObject","@id":"https:\/\/secure.gravatar.com\/avatar\/d89f66f31d15c86aaa67b2d500e11b783534f791bc2a93dd89895a03d043c162?s=96&d=mm&r=g","url":"https:\/\/secure.gravatar.com\/avatar\/d89f66f31d15c86aaa67b2d500e11b783534f791bc2a93dd89895a03d043c162?s=96&d=mm&r=g","height":96,"width":96}},"publisher":{"@type":"Organization","name":"tisina.cz","logo":{"@type":"ImageObject","@id":"\/logo.png","url":"\/logo.png","width":600,"height":60}},"image":{"@type":"ImageObject","@id":"https:\/\/www.tisina.cz\/wp-content\/uploads\/pexels-julia-kuzenkov-442028-1974814.jpg","url":"https:\/\/www.tisina.cz\/wp-content\/uploads\/pexels-julia-kuzenkov-442028-1974814.jpg","height":0,"width":0},"wordCount":531,"keywords":null},{"@type":"Article","@id":"https:\/\/www.tisina.cz\/napadita-dila-na-stenu\/","headline":"N\u00e1padit\u00e1 d\u00edla na st\u011bnu","url":"https:\/\/www.tisina.cz\/napadita-dila-na-stenu\/","datePublished":"2024-11-12","dateModified":"2024-11-12","mainEntityOfPage":"https:\/\/www.tisina.cz\/napadita-dila-na-stenu\/","author":{"@type":"Person","@id":"https:\/\/www.tisina.cz\/author\/#Person","name":"","url":"https:\/\/www.tisina.cz\/author\/","identifier":1,"image":{"@type":"ImageObject","@id":"https:\/\/secure.gravatar.com\/avatar\/d89f66f31d15c86aaa67b2d500e11b783534f791bc2a93dd89895a03d043c162?s=96&d=mm&r=g","url":"https:\/\/secure.gravatar.com\/avatar\/d89f66f31d15c86aaa67b2d500e11b783534f791bc2a93dd89895a03d043c162?s=96&d=mm&r=g","height":96,"width":96}},"publisher":{"@type":"Organization","name":"tisina.cz","logo":{"@type":"ImageObject","@id":"\/logo.png","url":"\/logo.png","width":600,"height":60}},"image":null,"wordCount":253,"keywords":null},{"@type":"Article","@id":"https:\/\/www.tisina.cz\/je-cas-na-zmenu\/","headline":"Je \u010das na zm\u011bnu","url":"https:\/\/www.tisina.cz\/je-cas-na-zmenu\/","datePublished":"2024-11-05","dateModified":"2024-11-05","mainEntityOfPage":"https:\/\/www.tisina.cz\/je-cas-na-zmenu\/","author":{"@type":"Person","@id":"https:\/\/www.tisina.cz\/author\/#Person","name":"","url":"https:\/\/www.tisina.cz\/author\/","identifier":1,"image":{"@type":"ImageObject","@id":"https:\/\/secure.gravatar.com\/avatar\/d89f66f31d15c86aaa67b2d500e11b783534f791bc2a93dd89895a03d043c162?s=96&d=mm&r=g","url":"https:\/\/secure.gravatar.com\/avatar\/d89f66f31d15c86aaa67b2d500e11b783534f791bc2a93dd89895a03d043c162?s=96&d=mm&r=g","height":96,"width":96}},"publisher":{"@type":"Organization","name":"tisina.cz","logo":{"@type":"ImageObject","@id":"\/logo.png","url":"\/logo.png","width":600,"height":60}},"image":null,"wordCount":318,"keywords":null},{"@type":"Article","@id":"https:\/\/www.tisina.cz\/krasne-hodinky\/","headline":"Kr\u00e1sn\u00e9 hodinky","url":"https:\/\/www.tisina.cz\/krasne-hodinky\/","datePublished":"2024-10-28","dateModified":"2024-10-28","mainEntityOfPage":"https:\/\/www.tisina.cz\/krasne-hodinky\/","author":{"@type":"Person","@id":"https:\/\/www.tisina.cz\/author\/#Person","name":"","url":"https:\/\/www.tisina.cz\/author\/","identifier":1,"image":{"@type":"ImageObject","@id":"https:\/\/secure.gravatar.com\/avatar\/d89f66f31d15c86aaa67b2d500e11b783534f791bc2a93dd89895a03d043c162?s=96&d=mm&r=g","url":"https:\/\/secure.gravatar.com\/avatar\/d89f66f31d15c86aaa67b2d500e11b783534f791bc2a93dd89895a03d043c162?s=96&d=mm&r=g","height":96,"width":96}},"publisher":{"@type":"Organization","name":"tisina.cz","logo":{"@type":"ImageObject","@id":"\/logo.png","url":"\/logo.png","width":600,"height":60}},"image":null,"wordCount":311,"keywords":null},{"@type":"Article","@id":"https:\/\/www.tisina.cz\/znate-vranovskou-prehradu\/","headline":"Zn\u00e1te Vranovskou p\u0159ehradu?","url":"https:\/\/www.tisina.cz\/znate-vranovskou-prehradu\/","datePublished":"2024-10-21","dateModified":"2024-10-21","mainEntityOfPage":"https:\/\/www.tisina.cz\/znate-vranovskou-prehradu\/","author":{"@type":"Person","@id":"https:\/\/www.tisina.cz\/author\/#Person","name":"","url":"https:\/\/www.tisina.cz\/author\/","identifier":1,"image":{"@type":"ImageObject","@id":"https:\/\/secure.gravatar.com\/avatar\/d89f66f31d15c86aaa67b2d500e11b783534f791bc2a93dd89895a03d043c162?s=96&d=mm&r=g","url":"https:\/\/secure.gravatar.com\/avatar\/d89f66f31d15c86aaa67b2d500e11b783534f791bc2a93dd89895a03d043c162?s=96&d=mm&r=g","height":96,"width":96}},"publisher":{"@type":"Organization","name":"tisina.cz","logo":{"@type":"ImageObject","@id":"\/logo.png","url":"\/logo.png","width":600,"height":60}},"image":{"@type":"ImageObject","@id":"https:\/\/www.tisina.cz\/wp-content\/uploads\/%C5%BE_10_10_6.jpg","url":"https:\/\/www.tisina.cz\/wp-content\/uploads\/%C5%BE_10_10_6.jpg","height":0,"width":0},"wordCount":626,"keywords":null},{"@type":"Article","@id":"https:\/\/www.tisina.cz\/s-vyberem-nejhodnejsich-torrentu-vam-pomuzeme-my\/","headline":"S v\u00fdb\u011brem nejhodn\u011bj\u0161\u00edch torrent\u016f v\u00e1m pom\u016f\u017eeme my","url":"https:\/\/www.tisina.cz\/s-vyberem-nejhodnejsich-torrentu-vam-pomuzeme-my\/","datePublished":"2024-10-19","dateModified":"2024-10-19","mainEntityOfPage":"https:\/\/www.tisina.cz\/s-vyberem-nejhodnejsich-torrentu-vam-pomuzeme-my\/","author":{"@type":"Person","@id":"https:\/\/www.tisina.cz\/author\/#Person","name":"","url":"https:\/\/www.tisina.cz\/author\/","identifier":1,"image":{"@type":"ImageObject","@id":"https:\/\/secure.gravatar.com\/avatar\/d89f66f31d15c86aaa67b2d500e11b783534f791bc2a93dd89895a03d043c162?s=96&d=mm&r=g","url":"https:\/\/secure.gravatar.com\/avatar\/d89f66f31d15c86aaa67b2d500e11b783534f791bc2a93dd89895a03d043c162?s=96&d=mm&r=g","height":96,"width":96}},"publisher":{"@type":"Organization","name":"tisina.cz","logo":{"@type":"ImageObject","@id":"\/logo.png","url":"\/logo.png","width":600,"height":60}},"image":null,"wordCount":280,"keywords":null},{"@type":"Article","@id":"https:\/\/www.tisina.cz\/jen-u-nas-sezenete-nahradni-dily-fiat-za-skvele-ceny\/","headline":"Jen u n\u00e1s se\u017eenete n\u00e1hradn\u00ed d\u00edly Fiat za skv\u011bl\u00e9 ceny","url":"https:\/\/www.tisina.cz\/jen-u-nas-sezenete-nahradni-dily-fiat-za-skvele-ceny\/","datePublished":"2024-10-14","dateModified":"2024-10-14","mainEntityOfPage":"https:\/\/www.tisina.cz\/jen-u-nas-sezenete-nahradni-dily-fiat-za-skvele-ceny\/","author":{"@type":"Person","@id":"https:\/\/www.tisina.cz\/author\/#Person","name":"","url":"https:\/\/www.tisina.cz\/author\/","identifier":1,"image":{"@type":"ImageObject","@id":"https:\/\/secure.gravatar.com\/avatar\/d89f66f31d15c86aaa67b2d500e11b783534f791bc2a93dd89895a03d043c162?s=96&d=mm&r=g","url":"https:\/\/secure.gravatar.com\/avatar\/d89f66f31d15c86aaa67b2d500e11b783534f791bc2a93dd89895a03d043c162?s=96&d=mm&r=g","height":96,"width":96}},"publisher":{"@type":"Organization","name":"tisina.cz","logo":{"@type":"ImageObject","@id":"\/logo.png","url":"\/logo.png","width":600,"height":60}},"image":null,"wordCount":278,"keywords":null}]},{"@context":"https:\/\/schema.org","@type":"WebSite","@id":"https:\/\/www.tisina.cz\/#website","name":"Tisina","url":"https:\/\/www.tisina.cz","potentialAction":{"@type":"SearchAction","target":"https:\/\/www.tisina.cz\/?s={search_term_string}","query-input":"required name=search_term_string"}}]