[{"@context":"https:\/\/schema.org\/","@type":"Article","@id":"https:\/\/www.tisina.cz\/nove-skrine\/#Article","mainEntityOfPage":"https:\/\/www.tisina.cz\/nove-skrine\/","headline":"Nov\u00e9 sk\u0159\u00edn\u011b","name":"Nov\u00e9 sk\u0159\u00edn\u011b","description":"Mysl\u00edm si, \u017ee mi sk\u0159\u00edn\u011b na m\u00edru se opravdu vyplat\u00ed. Proto\u017ee tady jde o to, \u017ee potom m\u00e1te opravdu hodn\u011b m\u00edsta. Pokud m\u00e1te sk\u0159\u00edn\u011b na m\u00edru, tak to znamen\u00e1, \u017ee si nemus\u00edte l\u00e1mat hlavu s t\u00edm, jak\u00fd n\u00e1bytek si po\u0159\u00edd\u00edte. J\u00e1, kdy\u017e jsem stav\u011bla sv\u016fj d\u016fm, tak jsem byla \u00fapln\u011b pevn\u011b rozhodnut\u00e1, \u017ee taky budu [&hellip;]","datePublished":"2022-09-18","dateModified":"2023-05-30","author":{"@type":"Person","@id":"https:\/\/www.tisina.cz\/author\/#Person","name":"","url":"https:\/\/www.tisina.cz\/author\/","identifier":1,"image":{"@type":"ImageObject","@id":"https:\/\/secure.gravatar.com\/avatar\/d89f66f31d15c86aaa67b2d500e11b783534f791bc2a93dd89895a03d043c162?s=96&d=mm&r=g","url":"https:\/\/secure.gravatar.com\/avatar\/d89f66f31d15c86aaa67b2d500e11b783534f791bc2a93dd89895a03d043c162?s=96&d=mm&r=g","height":96,"width":96}},"publisher":{"@type":"Organization","name":"tisina.cz","logo":{"@type":"ImageObject","@id":"\/logo.png","url":"\/logo.png","width":600,"height":60}},"image":{"@type":"ImageObject","@id":"https:\/\/www.tisina.cz\/wp-content\/uploads\/cabinet-1853504_960_720_2.jpg","url":"https:\/\/www.tisina.cz\/wp-content\/uploads\/cabinet-1853504_960_720_2.jpg","height":0,"width":0},"url":"https:\/\/www.tisina.cz\/nove-skrine\/","about":["Zbo\u017e\u00ed"],"wordCount":463,"articleBody":"         Mysl\u00edm si, \u017ee mi sk\u0159\u00edn\u011b na m\u00edru se opravdu vyplat\u00ed. Proto\u017ee tady jde o to, \u017ee potom m\u00e1te opravdu hodn\u011b m\u00edsta. Pokud m\u00e1te sk\u0159\u00edn\u011b na m\u00edru, tak to znamen\u00e1, \u017ee si nemus\u00edte l\u00e1mat hlavu s t\u00edm, jak\u00fd n\u00e1bytek si po\u0159\u00edd\u00edte. J\u00e1, kdy\u017e jsem stav\u011bla sv\u016fj d\u016fm, tak jsem byla \u00fapln\u011b pevn\u011b rozhodnut\u00e1, \u017ee taky budu m\u00edt sk\u0159\u00edn\u011b na m\u00edru. A to nejenom v chodb\u011b, kde se v\u011bt\u0161inou sk\u0159\u00edn\u011b na m\u00edru nach\u00e1zej\u00ed. Proto\u017ee j\u00e1 jsem takov\u00e9 sk\u0159\u00edn\u011b na m\u00edru cht\u011bla opravdu do ka\u017ed\u00e9 m\u00edstnosti. Proto\u017ee jsem si \u0159ekla, \u017ee alespo\u0148 nebudu muset \u0159e\u0161it jak\u00fd jin\u00fd n\u00e1bytek, jak\u00fd m\u00e1m asi koupit.Tak\u017ee jsem si \u0159ekla, \u017ee bych cht\u011bla sk\u0159\u00edn\u011b na m\u00edru z kr\u00e1sn\u00e9ho sv\u011btl\u00e9ho prav\u00e9ho d\u0159eva. M\u00e1m r\u00e1da hodn\u011b masiv, tak\u017ee to bylo jasn\u00e9. P\u0159\u00edteli jsem \u0159ekla, \u017ee by cht\u011bla sk\u0159\u00edn\u011b na m\u00edru jak v chodb\u011b, tak taky v lo\u017enici, d\u011btsk\u00e9m pokoji a v ob\u00fdv\u00e1ku. P\u0159\u00edtel byl docela v \u0161oku, proto\u017ee u\u017e p\u0159edpokl\u00e1dal, \u017ee tyto sk\u0159\u00edn\u011b na m\u00edru budou st\u00e1t opravdu hodn\u011b pen\u011bz. Mysl\u00edm se, \u017ee tak dv\u011b st\u011b tis\u00edc korun za to asi d\u00e1m. Ale m\u011b to nevadilo. M\u011bli jsme opravdu nov\u00fd d\u016fm, tak\u017ee jsem cht\u011bla, aby v\u0161echno v na\u0161em dom\u011b bylo dokonal\u00e9.Nav\u00edc si mysl\u00edm, \u017ee kdy\u017e m\u00e1te sk\u0159\u00edn\u011b na m\u00edru, tak alespo\u0148 v\u00edte, jak jsou velik\u00e9. Taky si tam m\u016f\u017eete \u0159\u00edct, kolik chcete poli\u010dek anebo v\u011b\u0161\u00e1k\u016f. A j\u00e1 jsem samoz\u0159ejm\u011b do sv\u00e9 lo\u017enice  https:\/\/www.nabytek-aldo.cz\/loznice-sestavy-x2s12139 cht\u011bla dv\u011b velk\u00e9 sk\u0159\u00edn\u011b, proto\u017ee m\u00e1m hodn\u011b oble\u010den\u00ed a moc r\u00e1da nakupuji. P\u0159\u00edteli jenom kv\u016fli o\u010di. Nev\u00edm jak vy, ale my se sk\u0159\u00edn\u011b na m\u00edru l\u00edb\u00ed, proto\u017ee jsou prakti\u010dt\u011bj\u0161\u00ed a nezaberou tolik m\u00edsta jako oby\u010dejn\u00fd n\u00e1bytek. A vy byste si taky po\u0159\u00eddili sk\u0159\u00edn\u011b na m\u00edru? Proto\u017ee jsou opravdu perfektn\u00ed. A je\u0161t\u011b bych v\u00edm cht\u011bla doporu\u010dit, abyste si nechali ud\u011blat takov\u00e9 ty lep\u0161\u00ed posuvn\u00e9 dve\u0159e, kter\u00e9 se vysouvaj\u00ed na kole\u010dk\u00e1ch do stran, tak\u017ee si nemus\u00edte l\u00e1mat hlavu nad t\u00edm, kam budete otev\u00edrat dve\u0159e. J\u00e1 jsem si taky tyto dve\u0159e nechala d\u00e1t, mysl\u00edm si, \u017ee vypadaj\u00ed mnohem l\u00e9pe, tak\u017ee jsme dala na na\u0161eho architekta.                                                                                                                                                                                                                                                                                                                                                                                           4.5\/5 - (6 votes)        "},{"@context":"https:\/\/schema.org\/","@type":"BreadcrumbList","itemListElement":[{"@type":"ListItem","position":1,"name":"Nov\u00e9 sk\u0159\u00edn\u011b","item":"https:\/\/www.tisina.cz\/nove-skrine\/#breadcrumbitem"}]}]