[{"@context":"https:\/\/schema.org\/","@type":"Article","@id":"https:\/\/www.tisina.cz\/nejkrasnejsi-obyvaci-steny-a-sestavy\/#Article","mainEntityOfPage":"https:\/\/www.tisina.cz\/nejkrasnejsi-obyvaci-steny-a-sestavy\/","headline":"Nejkr\u00e1sn\u011bj\u0161\u00ed ob\u00fdvac\u00ed st\u011bny a sestavy","name":"Nejkr\u00e1sn\u011bj\u0161\u00ed ob\u00fdvac\u00ed st\u011bny a sestavy","description":"Pokud vlastn\u00edte mal\u00fd byt, je velmi praktick\u00e9, kupovat si flexibiln\u00ed n\u00e1bytek. Takov\u00fdm n\u00e1bytkem jsou i na\u0161e ob\u00fdvac\u00ed st\u011bny a sestavy. Na\u0161e dokonal\u00e9 ob\u00fdvac\u00ed st\u011bny a sestavy poskytuj\u00ed dostate\u010dn\u00e9 \u00falo\u017en\u00e9 prostory a maj\u00ed mnohostrann\u00e9 pou\u017eit\u00ed. Udr\u017eovat po\u0159\u00e1dek v m\u00edstnostech s nedostatkem m\u00edsta je snad nejvy\u0161\u0161\u00edm z\u00e1konem. \u010c\u00edm je pokoj neuklizen\u011bj\u0161\u00ed a rozh\u00e1zen\u011bj\u0161\u00ed, t\u00edm se zd\u00e1 men\u0161\u00ed, [&hellip;]","datePublished":"2025-04-23","dateModified":"2025-04-23","author":{"@type":"Person","@id":"https:\/\/www.tisina.cz\/author\/#Person","name":"","url":"https:\/\/www.tisina.cz\/author\/","identifier":1,"image":{"@type":"ImageObject","@id":"https:\/\/secure.gravatar.com\/avatar\/d89f66f31d15c86aaa67b2d500e11b783534f791bc2a93dd89895a03d043c162?s=96&d=mm&r=g","url":"https:\/\/secure.gravatar.com\/avatar\/d89f66f31d15c86aaa67b2d500e11b783534f791bc2a93dd89895a03d043c162?s=96&d=mm&r=g","height":96,"width":96}},"publisher":{"@type":"Organization","name":"tisina.cz","logo":{"@type":"ImageObject","@id":"\/logo.png","url":"\/logo.png","width":600,"height":60}},"url":"https:\/\/www.tisina.cz\/nejkrasnejsi-obyvaci-steny-a-sestavy\/","wordCount":171,"articleBody":" Pokud vlastn\u00edte mal\u00fd byt, je velmi praktick\u00e9, kupovat si flexibiln\u00ed n\u00e1bytek. Takov\u00fdm n\u00e1bytkem jsou i na\u0161e ob\u00fdvac\u00ed st\u011bny a sestavy. Na\u0161e dokonal\u00e9 ob\u00fdvac\u00ed st\u011bny a sestavy poskytuj\u00ed dostate\u010dn\u00e9 \u00falo\u017en\u00e9 prostory a maj\u00ed mnohostrann\u00e9 pou\u017eit\u00ed. Udr\u017eovat po\u0159\u00e1dek v m\u00edstnostech s nedostatkem m\u00edsta je snad nejvy\u0161\u0161\u00edm z\u00e1konem. \u010c\u00edm je pokoj neuklizen\u011bj\u0161\u00ed a rozh\u00e1zen\u011bj\u0161\u00ed, t\u00edm se zd\u00e1 men\u0161\u00ed, a proto vyu\u017eijte mo\u017enosti n\u00e1kupu na\u0161\u00ed ob\u00fdvac\u00ed st\u011bny a sestavy, kter\u00e1 v\u00e1m udr\u017een\u00ed po\u0159\u00e1dku ve va\u0161em mini pokoji dokonale umo\u017en\u00ed. Kupujte flexibiln\u00ed n\u00e1bytek Rozt\u0159i\u010fte drobnosti, kter\u00e9 stoj\u00ed na va\u0161ich nevzhledn\u00fdch a star\u00fdch polic\u00edch do hezk\u00fdch sk\u0159\u00edn\u011bk na\u0161eho praktick\u00e9ho n\u00e1bytku. Pokoj bude p\u016fsobit skv\u011ble a ut\u00edr\u00e1n\u00ed prachu v\u00e1m p\u016fjde mnohem rychleji. Na\u0161eob\u00fdvac\u00ed st\u011bny a sestavy jsou to tud\u00ed\u017e velmi praktick\u00e9 a variabiln\u00ed.                                                                                                                                                                                                                                                                                                                                                                                                "},{"@context":"https:\/\/schema.org\/","@type":"BreadcrumbList","itemListElement":[{"@type":"ListItem","position":1,"name":"Nejkr\u00e1sn\u011bj\u0161\u00ed ob\u00fdvac\u00ed st\u011bny a sestavy","item":"https:\/\/www.tisina.cz\/nejkrasnejsi-obyvaci-steny-a-sestavy\/#breadcrumbitem"}]}]