[{"@context":"https:\/\/schema.org\/","@type":"Article","@id":"https:\/\/www.tisina.cz\/moda-pro-zeny\/#Article","mainEntityOfPage":"https:\/\/www.tisina.cz\/moda-pro-zeny\/","headline":"M\u00f3da pro \u017eeny","name":"M\u00f3da pro \u017eeny","description":"Ka\u017ed\u00e1 \u017eena chce vypadat tak, aby j\u00ed to slu\u0161elo. A j\u00e1 nejsem v\u00fdjimka. Taky jsem v\u017edycky cht\u011bla b\u00fdt takov\u00e1 \u017eena, za kterou se ka\u017ed\u00fd mu\u017e oto\u010d\u00ed. Samoz\u0159ejm\u011b, \u017ee toho lze lehce dos\u00e1hnout. Sta\u010d\u00ed, aby \u017eena o sebe hodn\u011b dbala, aby pe\u010dovala taky o sv\u016fj vzhled. Samoz\u0159ejm\u011b tady v\u0161ichni v\u00edme, \u017ee kr\u00e1sa nen\u00ed v\u0161echno. \u017de tak\u00e9 [&hellip;]","datePublished":"2022-10-16","dateModified":"2023-05-30","author":{"@type":"Person","@id":"https:\/\/www.tisina.cz\/author\/#Person","name":"","url":"https:\/\/www.tisina.cz\/author\/","identifier":1,"image":{"@type":"ImageObject","@id":"https:\/\/secure.gravatar.com\/avatar\/d89f66f31d15c86aaa67b2d500e11b783534f791bc2a93dd89895a03d043c162?s=96&d=mm&r=g","url":"https:\/\/secure.gravatar.com\/avatar\/d89f66f31d15c86aaa67b2d500e11b783534f791bc2a93dd89895a03d043c162?s=96&d=mm&r=g","height":96,"width":96}},"publisher":{"@type":"Organization","name":"tisina.cz","logo":{"@type":"ImageObject","@id":"\/logo.png","url":"\/logo.png","width":600,"height":60}},"image":{"@type":"ImageObject","@id":"https:\/\/www.tisina.cz\/wp-content\/uploads\/pexels-sora-shimazaki-5938367_1.jpg","url":"https:\/\/www.tisina.cz\/wp-content\/uploads\/pexels-sora-shimazaki-5938367_1.jpg","height":0,"width":0},"url":"https:\/\/www.tisina.cz\/moda-pro-zeny\/","about":["Zbo\u017e\u00ed"],"wordCount":436,"articleBody":"        Ka\u017ed\u00e1 \u017eena chce vypadat tak, aby j\u00ed to slu\u0161elo. A j\u00e1 nejsem v\u00fdjimka. Taky jsem v\u017edycky cht\u011bla b\u00fdt takov\u00e1 \u017eena, za kterou se ka\u017ed\u00fd mu\u017e oto\u010d\u00ed. Samoz\u0159ejm\u011b, \u017ee toho lze lehce dos\u00e1hnout. Sta\u010d\u00ed, aby \u017eena o sebe hodn\u011b dbala, aby pe\u010dovala taky o sv\u016fj vzhled. Samoz\u0159ejm\u011b tady v\u0161ichni v\u00edme, \u017ee kr\u00e1sa nen\u00ed v\u0161echno. \u017de tak\u00e9 existuje vnit\u0159n\u00ed kr\u00e1sa, kter\u00e9 opravdu mnoho m\u016f\u017eu d\u00e1v\u00e1 taky p\u0159ednost. Jenom\u017ee j\u00e1 jsem takov\u00e1, \u017ee dob\u00e1m na oboje dvoje. Chci b\u00fdt kr\u00e1sn\u00e1 uvnit\u0159 a taky zvenku. Tak\u017ee pravideln\u011b chod\u00edm ke kade\u0159nici a taky chod\u00edm pravideln\u011b na kosmetiku. Je to taky \u00fat\u011bk od reality, kter\u00e1 nen\u00ed snadn\u00e1. J\u00e1 m\u00e1m velice n\u00e1ro\u010dnou pr\u00e1ci, kter\u00e1 je n\u00e1ro\u010dn\u00e1 hlavn\u011b na psychiku, tak\u017ee si pr\u00e1v\u011b u kosmetiky anebo u kade\u0159nice velmi p\u0159\u00edjemn\u011b odpo\u010dinu. A taky moc r\u00e1da nakupuji. A to hlavn\u011b topy a tri\u010dka. Bav\u00ed m\u011b to, proto\u017ee alespo\u0148 si u n\u00e1kupu si pro\u010dist\u00edm hlavu.Tri\u010dka a topy pat\u0159\u00ed k m\u00fdm velmi obl\u00edben\u00fdm od\u011bv\u016fm. Nejrad\u011bji m\u00e1m b\u00edl\u00e9 a \u010dern\u00e9 a b\u00e9\u017eov\u00e9 barvy. Tyto v\u0161echny barvy se daj\u00ed tak skv\u011ble kombinovat, \u017ee pak u\u017e ani dal\u0161\u00ed barvy nepot\u0159ebuji. Ale samoz\u0159ejm\u011b, \u017ee topy a tri\u010dka m\u00e1m taky v jin\u00fdch barv\u00e1ch, jako nap\u0159\u00edklad r\u016f\u017eov\u00e1 a \u017elut\u00e1 te\u010dka R\u016f\u017eov\u00e1 je druh\u00e1 moje nejobl\u00edben\u011bj\u0161\u00ed barva. R\u016f\u017eov\u00e9 barvy m\u00e1m doma opravdu hodn\u011b a m\u00e1m j\u00ed vymalovanou taky lo\u017enici. Nev\u00edm jak vy, ale j\u00e1, kdy\u017e se zamiluji do n\u011bjak\u00e9 barvy, tak to pak m\u00e1m doma v\u0161ude. A kdybyste vid\u011bli t\u0159eba m\u016fj \u0161atn\u00edk, tak to je snad z p\u016flky \u010dern\u00e1 a b\u00edl\u00e1 barva a zbytek je r\u016f\u017eov\u00e1. Sice m\u00e1m taky r\u016fzn\u00e9 kr\u00e9mov\u00e9 barvy, ale kdy\u017e se jedn\u00e1 o topy a tri\u010dka, tak to vede jednozna\u010dn\u011b b\u00edl\u00e1 a \u010dern\u00e1. A jak\u00e9 barvy m\u00e1te nejrad\u011bji vy? A kde nakupujete nejv\u00edce tri\u010dka a topy Disstyle.cz? J\u00e1 d\u00e1v\u00e1m p\u0159ednost sp\u00ed\u0161e internetu, m\u00e1m r\u00e1da online shopy, ale taky samoz\u0159ejm\u011b nepohrdnu klasick\u00fdm obchodem, kam moc r\u00e1da chod\u00edm. A to hlavn\u011b s kamar\u00e1dkou nebo sestrou. Tri\u010dka a topy jsou jednodu\u0161e velmi popul\u00e1rn\u00ed a j\u00e1 se tomu nediv\u00edm.                                                                                                                                                                                                                                                                                                                                                                                           3.7\/5 - (8 votes)        "},{"@context":"https:\/\/schema.org\/","@type":"BreadcrumbList","itemListElement":[{"@type":"ListItem","position":1,"name":"M\u00f3da pro \u017eeny","item":"https:\/\/www.tisina.cz\/moda-pro-zeny\/#breadcrumbitem"}]}]