[{"@context":"https:\/\/schema.org\/","@type":"Article","@id":"https:\/\/www.tisina.cz\/masaz-lze-i-darovat\/#Article","mainEntityOfPage":"https:\/\/www.tisina.cz\/masaz-lze-i-darovat\/","headline":"Mas\u00e1\u017e lze i darovat","name":"Mas\u00e1\u017e lze i darovat","description":"Mas\u00e1\u017e p\u0159i sv\u00ed\u010dk\u00e1ch Nebylo by \u00fa\u017easn\u00e9, kdyby aspo\u0148 chv\u00edli o v\u00e1s n\u011bkdo pe\u010doval? P\u0159\u00edjemn\u011b se k v\u00e1m choval, usm\u00edval se a dop\u0159\u00e1val v\u00e1m uvoln\u011bn\u00ed cel\u00e9ho t\u011bla? Toho m\u016f\u017eete dos\u00e1hnout v na\u0161em st\u0159edisku mas\u00e1\u017ee, kde se zam\u011b\u0159\u00edme na odstran\u011bn\u00ed nap\u011bt\u00ed a stresu z va\u0161eho t\u011bla a umo\u017en\u00edme v\u00e1m regeneraci t\u011bla i ducha. I Vy sami m\u016f\u017eete [&hellip;]","datePublished":"2025-01-16","dateModified":"2025-01-16","author":{"@type":"Person","@id":"https:\/\/www.tisina.cz\/author\/#Person","name":"","url":"https:\/\/www.tisina.cz\/author\/","identifier":1,"image":{"@type":"ImageObject","@id":"https:\/\/secure.gravatar.com\/avatar\/d89f66f31d15c86aaa67b2d500e11b783534f791bc2a93dd89895a03d043c162?s=96&d=mm&r=g","url":"https:\/\/secure.gravatar.com\/avatar\/d89f66f31d15c86aaa67b2d500e11b783534f791bc2a93dd89895a03d043c162?s=96&d=mm&r=g","height":96,"width":96}},"publisher":{"@type":"Organization","name":"tisina.cz","logo":{"@type":"ImageObject","@id":"\/logo.png","url":"\/logo.png","width":600,"height":60}},"url":"https:\/\/www.tisina.cz\/masaz-lze-i-darovat\/","wordCount":206,"articleBody":"Mas\u00e1\u017e p\u0159i sv\u00ed\u010dk\u00e1chNebylo by \u00fa\u017easn\u00e9, kdyby aspo\u0148 chv\u00edli o v\u00e1s n\u011bkdo pe\u010doval? P\u0159\u00edjemn\u011b se k v\u00e1m choval, usm\u00edval se a dop\u0159\u00e1val v\u00e1m uvoln\u011bn\u00ed cel\u00e9ho t\u011bla? Toho m\u016f\u017eete dos\u00e1hnout v na\u0161em st\u0159edisku mas\u00e1\u017ee, kde se zam\u011b\u0159\u00edme na odstran\u011bn\u00ed nap\u011bt\u00ed a stresu z va\u0161eho t\u011bla a umo\u017en\u00edme v\u00e1m regeneraci t\u011bla i ducha.I Vy sami m\u016f\u017eete mas\u00edrovatV\u0161ichni pot\u0159ebujeme jednou za \u010das vypnout a ud\u011blat si \u010das sami na sebe. Sta\u010d\u00ed n\u00e1m nav\u0161t\u00edvit wellness centrum \u010di jin\u00e9 za\u0159\u00edzen\u00ed, ve kter\u00e9 n\u00e1m nab\u00eddnou \u0161irokou \u0161k\u00e1lu mas\u00e1\u017ee s r\u016fzn\u00fdm vybaven\u00edm i v\u016fn\u011bmi. A\u0165 u\u017e jde o l\u00e1vov\u00e9 kameny, r\u016fzn\u00e9 aromatick\u00e9 v\u016fn\u011b \u010di podtlakov\u00e9 misky, v\u017edy n\u00e1m pomohou z\u00edskat novou energi\u00ed, kter\u00e1 n\u00e1s nabije na n\u00e1sleduj\u00edc\u00ed dny.Pe\u010dujte o sebePe\u010dujte o sebe s l\u00e1skou a dop\u0159ejte si ob\u010das oddych od ka\u017edodenn\u00edch starost\u00ed na na\u0161ich mas\u00e1\u017ee, kter\u00e9 v\u00e1m zajist\u00ed velk\u00e9 uvoln\u011bn\u00ed.                                                                                                                                                                                                                                                                                                                                                                                        2.3\/5 - (3 votes)        "},{"@context":"https:\/\/schema.org\/","@type":"BreadcrumbList","itemListElement":[{"@type":"ListItem","position":1,"name":"Mas\u00e1\u017e lze i darovat","item":"https:\/\/www.tisina.cz\/masaz-lze-i-darovat\/#breadcrumbitem"}]}]