[{"@context":"https:\/\/schema.org\/","@type":"Article","@id":"https:\/\/www.tisina.cz\/kdyz-nechcete-jen-obycejne-schody\/#Article","mainEntityOfPage":"https:\/\/www.tisina.cz\/kdyz-nechcete-jen-obycejne-schody\/","headline":"Kdy\u017e nechcete jen oby\u010dejn\u00e9 schody","name":"Kdy\u017e nechcete jen oby\u010dejn\u00e9 schody","description":"Bydlela jsem kdysi v panelov\u00e9m v\u011b\u017e\u00e1ku v des\u00e1t\u00e9m pat\u0159e a jestli jsem z n\u011b\u010deho m\u011bla strach, tak to byl v\u00fdpadek elekt\u0159iny nebo porucha v\u00fdtahu. Probl\u00e9m nebyl v kondi\u010dce, vyj\u00edt do des\u00e1t\u00e9ho patra nebyl probl\u00e9m, ten byl v tom, \u017ee schodi\u0161t\u011b vedlo uprost\u0159ed v\u011b\u017e\u00e1ku a proto nikde na chodb\u011b nebylo okno. Ka\u017ed\u00fd obyvatel domu m\u011bl v [&hellip;]","datePublished":"2024-11-27","dateModified":"2024-11-27","author":{"@type":"Person","@id":"https:\/\/www.tisina.cz\/author\/#Person","name":"","url":"https:\/\/www.tisina.cz\/author\/","identifier":1,"image":{"@type":"ImageObject","@id":"https:\/\/secure.gravatar.com\/avatar\/d89f66f31d15c86aaa67b2d500e11b783534f791bc2a93dd89895a03d043c162?s=96&d=mm&r=g","url":"https:\/\/secure.gravatar.com\/avatar\/d89f66f31d15c86aaa67b2d500e11b783534f791bc2a93dd89895a03d043c162?s=96&d=mm&r=g","height":96,"width":96}},"publisher":{"@type":"Organization","name":"tisina.cz","logo":{"@type":"ImageObject","@id":"\/logo.png","url":"\/logo.png","width":600,"height":60}},"image":{"@type":"ImageObject","@id":"https:\/\/www.tisina.cz\/wp-content\/uploads\/stairs-1229149_640.jpg","url":"https:\/\/www.tisina.cz\/wp-content\/uploads\/stairs-1229149_640.jpg","height":0,"width":0},"url":"https:\/\/www.tisina.cz\/kdyz-nechcete-jen-obycejne-schody\/","about":["Zbo\u017e\u00ed"],"wordCount":428,"articleBody":"      Bydlela jsem kdysi v panelov\u00e9m v\u011b\u017e\u00e1ku v des\u00e1t\u00e9m pat\u0159e a jestli jsem z n\u011b\u010deho m\u011bla strach, tak to byl v\u00fdpadek elekt\u0159iny nebo porucha v\u00fdtahu. Probl\u00e9m nebyl v kondi\u010dce, vyj\u00edt do des\u00e1t\u00e9ho patra nebyl probl\u00e9m, ten byl v tom, \u017ee schodi\u0161t\u011b vedlo uprost\u0159ed v\u011b\u017e\u00e1ku a proto nikde na chodb\u011b nebylo okno. Ka\u017ed\u00fd obyvatel domu m\u011bl v po\u0161tovn\u00ed schr\u00e1nce sirky a sv\u00ed\u010dku, aby v p\u0159\u00edpad\u011b v\u00fdpadku proudu nebo poruchy v\u00fdtahu mohl j\u00edt se sv\u00ed\u010dkou do sv\u00e9ho patra a bytu. Bylo to nep\u0159\u00edjemn\u00e9, pro d\u011bti stra\u0161ideln\u00e9, o pop\u00e1len\u00fdch prstech a vosku na schodi\u0161ti nemluv\u011b. Kdy\u017e jsme za\u010dali pl\u00e1novat stavbu na\u0161eho rodinn\u00e9ho domku, na toto schodi\u0161t\u011b jsem si vzpomn\u011bla a hned v\u011bd\u011bla, \u017ee schodi\u0161t\u011b v m\u00e9m dom\u011b bude dokonal\u00e9, bude ozdobou domu a proto jsme zvolili mo\u017en\u00e1 ne \u00fapln\u011b typick\u00e9 schodi\u0161t\u011b a st\u0159edem na\u0161eho domu vede kr\u00e1sn\u00e9 sklen\u011bn\u00e9 schodi\u0161t\u011b. Schodi\u0161t\u011b mus\u00ed spl\u0148ovat podm\u00ednky dan\u00e9 normou, minim\u00e1ln\u00ed \u0161\u00ed\u0159ku, v\u00fd\u0161ku jednotliv\u00fdch schod\u016f apod, ale vizu\u00e1ln\u00ed podoba, tu si m\u016f\u017eete vymyslet jak\u00e1 v\u00e1s napadne, jen materi\u00e1l mus\u00ed m\u00edt p\u0159\u00edslu\u0161nou pevnost. M\u016f\u017eete m\u00edt schodi\u0161t\u011b s kovan\u00fdmi prvky nebo d\u0159ev\u011bn\u00e9 schodi\u0161t\u011b, kter\u00e9 v\u00e1m vy\u0159e\u017ee um\u011bleck\u00fd \u0159ezb\u00e1\u0159, ale i sklen\u011bn\u00e9 schodi\u0161t\u011b m\u016f\u017ee spl\u0148ovat pevnostn\u00ed podm\u00ednky a p\u0159itom bude p\u016fsobit velice k\u0159ehce. Sklo je zvl\u00e1\u0161tn\u00ed materi\u00e1l, kter\u00fd m\u00e1me spojen\u00fd s jeho k\u0159ehkost\u00ed, proto\u017ee je pr\u016fhledn\u00fd, ale ur\u010dit\u011b jste u\u017e n\u011bkdy st\u00e1li na prosklen\u00e9 podlaze, t\u0159eba na vyhl\u00eddkov\u00e9 plo\u0161in\u011b, a tak v\u00edte, \u017ee i sklo m\u016f\u017ee b\u00fdt velice pevn\u00e9.Pokud p\u0159em\u00fd\u0161l\u00edte jak\u00e9 schodi\u0161t\u011b si do va\u0161eho rodinn\u00e9ho domku po\u0159\u00eddit, nechejte se inspirovat na str\u00e1nk\u00e1ch firmy KMDesign. V jejich galerii najdete \u0159adu ji\u017e realizovan\u00fdch schodi\u0161\u0165 a tak z\u00edsk\u00e1te p\u0159edstavu, co v\u0161e je mo\u017en\u00e9 si po\u0159\u00eddit.Schodi\u0161t\u011b v domech, a\u0165 u\u017e t\u011bch velk\u00fdch panelov\u00fdch nebo ve va\u0161em rodinn\u00e9m dom\u011b, mus\u00ed b\u00fdt p\u0159edev\u0161\u00edm praktick\u00e9, ale kdy\u017e se snoub\u00ed prakti\u010dnost s estetikou, m\u016f\u017ee b\u00fdt ze schodi\u0161t\u011b v\u00fdrazn\u00fd prvek, kter\u00fd d\u00e1 domu eleganci.                                                                                                                                                                                                                                                                                                                                                                                           4.4\/5 - (9 votes)        "},{"@context":"https:\/\/schema.org\/","@type":"BreadcrumbList","itemListElement":[{"@type":"ListItem","position":1,"name":"Kdy\u017e nechcete jen oby\u010dejn\u00e9 schody","item":"https:\/\/www.tisina.cz\/kdyz-nechcete-jen-obycejne-schody\/#breadcrumbitem"}]}]