[{"@context":"https:\/\/schema.org\/","@type":"Article","@id":"https:\/\/www.tisina.cz\/kdo-je-danuse-nerudova\/#Article","mainEntityOfPage":"https:\/\/www.tisina.cz\/kdo-je-danuse-nerudova\/","headline":"Kdo je Danu\u0161e Nerudov\u00e1?","name":"Kdo je Danu\u0161e Nerudov\u00e1?","description":"Prof. Ing. Danu\u0161e Nerudov\u00e1, Ph.D. se narodila v roce 1979 v Brn\u011b, jako nejstar\u0161\u00ed ze \u010dty\u0159 sourozenc\u016f. Tam\u00a0rovn\u011b\u017e pro\u017eila svoje d\u011btstv\u00ed. Po ukon\u010den\u00ed st\u0159edn\u00ed \u0161koly studovala na Provozn\u011b ekonomick\u00e9 fakult\u011b Mendelovy univerzity. Kde po promoci v roce 2002 z\u00edskala titul Ing. a v roce 2005\u00a0titul Ph.D. Do funkce vedouc\u00ed \u00dastavu \u00fa\u010detnictv\u00ed nastupuje v roce 2007. [&hellip;]","datePublished":"2022-05-02","dateModified":"2023-05-30","author":{"@type":"Person","@id":"https:\/\/www.tisina.cz\/author\/#Person","name":"","url":"https:\/\/www.tisina.cz\/author\/","identifier":1,"image":{"@type":"ImageObject","@id":"https:\/\/secure.gravatar.com\/avatar\/d89f66f31d15c86aaa67b2d500e11b783534f791bc2a93dd89895a03d043c162?s=96&d=mm&r=g","url":"https:\/\/secure.gravatar.com\/avatar\/d89f66f31d15c86aaa67b2d500e11b783534f791bc2a93dd89895a03d043c162?s=96&d=mm&r=g","height":96,"width":96}},"publisher":{"@type":"Organization","name":"tisina.cz","logo":{"@type":"ImageObject","@id":"\/logo.png","url":"\/logo.png","width":600,"height":60}},"image":{"@type":"ImageObject","@id":"https:\/\/www.tisina.cz\/wp-content\/uploads\/books-2596809_960_720_1.jpg","url":"https:\/\/www.tisina.cz\/wp-content\/uploads\/books-2596809_960_720_1.jpg","height":0,"width":0},"url":"https:\/\/www.tisina.cz\/kdo-je-danuse-nerudova\/","about":["\u017deny"],"wordCount":396,"articleBody":"Prof. Ing. Danu\u0161e Nerudov\u00e1, Ph.D. se narodila v roce 1979 v Brn\u011b, jako nejstar\u0161\u00ed ze \u010dty\u0159 sourozenc\u016f. Tam\u00a0rovn\u011b\u017e pro\u017eila svoje d\u011btstv\u00ed. Po ukon\u010den\u00ed st\u0159edn\u00ed \u0161koly studovala na Provozn\u011b ekonomick\u00e9 fakult\u011b Mendelovy univerzity. Kde po promoci v roce 2002 z\u00edskala titul Ing. a v roce 2005\u00a0titul Ph.D. Do funkce vedouc\u00ed \u00dastavu \u00fa\u010detnictv\u00ed nastupuje v roce 2007. V letech 2009 a\u017e 2014 se st\u00e1v\u00e1 prod\u011bkankou a v n\u00e1sledn\u00e9m roce prorektorkou cel\u00e9 univerzity. V roce 2018 je jmenovan\u00e1 prezidentem republiky rektorkou Mendelovy univerzity. Coby prvn\u00ed \u017eena v cel\u00e9 jej\u00ed historii a nejmlad\u0161\u00ed rektorkou v na\u0161\u00ed\u00a0republice. Tuto\u00a0funkci zast\u00e1vala a\u017e do leto\u0161n\u00edho roku.Danu\u0161e Nerudov\u00e1 se v roce 2002 vdala za pr\u00e1vn\u00edka Roberta Nerudu, se kter\u00fdm vychov\u00e1vaj\u00ed dva syny. V sou\u010dasn\u00e9 dob\u011b je patronkou ob\u010dansk\u00e9 iniciativy Pomoc d\u011btem na \u00fat\u011bku. V roce 2018 je jmenov\u00e1na p\u0159edsedkyn\u00ed Komise pro spravedliv\u00e9 d\u016fchody a v roce 2020 zalo\u017eila s dal\u0161\u00edmi spolupracovn\u00edky ob\u010danskou iniciativu KoroNerv-20. A o dva roky pozd\u011bji\u00a0se Danu\u0161e Nerudov\u00e1 stala p\u0159edsedkyn\u00ed poroty ceny Beauty of Help Award. Prezidentskou kandidaturu zva\u017euje tato mimo\u0159\u00e1dn\u00e1 \u017eena od roku 2021. Kterou 31. kv\u011btna 2022 ofici\u00e1ln\u011b zve\u0159ejnila na sv\u00fdch soci\u00e1ln\u00edch s\u00edt\u00edch. Stejn\u00fd den byla zah\u00e1jen\u00e1 i peti\u010dn\u00ed kampa\u0148, kter\u00e1 vede k jedin\u00e9mu c\u00edli. Z\u00edskat pot\u0159ebn\u00e9 mno\u017estv\u00ed podpis\u016f k potvrzen\u00ed jej\u00ed kandidatury. Hned mezi prvn\u00edmi se objevili studenti, kte\u0159\u00ed by r\u00e1di vid\u011bli svoji rektorku ve funkci prezidentky \u010cesk\u00e9 republiky. Kter\u00e1 se chce zasadit o zm\u011bny ve vzd\u011bl\u00e1v\u00e1n\u00ed.Ve kter\u00e9m bude jak\u00e1koliv chyba v\u00e9st k lep\u0161\u00edmu pochopen\u00ed a n\u00e1sledn\u00e9mu rozvoji \u017e\u00e1k\u016f. Rovn\u011b\u017e v ekonomice, kter\u00e1 je jej\u00edm \u017eivotn\u00edm oborem, chce prosazovat z\u00e1jmy v\u0161ech. P\u0159edev\u0161\u00edm t\u011bch pot\u0159ebn\u00fdch. Jednou z hlavn\u00edch priorit Danu\u0161e Nerudov\u00e9 je komunikace se v\u0161emi skupinami obyvatel. Dos\u00e1hnout chce i spolehliv\u00e9 spolupr\u00e1ce s okoln\u00edmi zem\u011bmi. Jak evropsk\u00fdmi, tak sv\u011btov\u00fdmi. Nov\u00e1 prezidentka bude usilovat, aby tato funkce op\u011bt nabyla \u00facty. Sv\u00fdm civiln\u00edm p\u0159\u00edstupem chce p\u0159isp\u011bt k znovuotev\u0159en\u00ed Pra\u017esk\u00e9ho hradu v\u0161em, kte\u0159\u00ed budou m\u00edt dobrou v\u016fli k n\u00e1v\u0161t\u011bv\u011b.\u00a0                                                                                                                                                                                                                                                                                                                                                                                        4.4\/5 - (13 votes)        "},{"@context":"https:\/\/schema.org\/","@type":"BreadcrumbList","itemListElement":[{"@type":"ListItem","position":1,"name":"Kdo je Danu\u0161e Nerudov\u00e1?","item":"https:\/\/www.tisina.cz\/kdo-je-danuse-nerudova\/#breadcrumbitem"}]}]