[{"@context":"https:\/\/schema.org\/","@type":"Article","@id":"https:\/\/www.tisina.cz\/kazdy-muze-vypadat-skvele\/#Article","mainEntityOfPage":"https:\/\/www.tisina.cz\/kazdy-muze-vypadat-skvele\/","headline":"Ka\u017ed\u00fd m\u016f\u017ee vypadat skv\u011ble","name":"Ka\u017ed\u00fd m\u016f\u017ee vypadat skv\u011ble","description":"Ka\u017ed\u00fd v\u00ed, \u017ee \u00fabytek vlas\u016f na hlav\u011b je n\u011bco, p\u0159ed \u010d\u00edm se hroz\u00ed cel\u00fd sv\u011bt. U mu\u017e\u016f je to dnes sp\u00ed\u0161e z\u00e1zrak, kdy\u017e maj\u00ed h\u0159\u00edvu a\u017e do pozdn\u00edch let, ale \u017eeny jsou t\u00edmto poznamen\u00e1ny psychicky mnohem v\u00edce. Kter\u00e1 \u017eena by cht\u011bla m\u00edt ple\u0161 u\u017e nap\u0159\u00edklad ve \u010dty\u0159iceti letech. A\u0165 u\u017e jste pro\u0161li nep\u0159\u00edjemn\u00fdmi zdravotn\u00edmi procedurami, [&hellip;]","datePublished":"2024-12-14","dateModified":"2024-12-14","author":{"@type":"Person","@id":"https:\/\/www.tisina.cz\/author\/#Person","name":"","url":"https:\/\/www.tisina.cz\/author\/","identifier":1,"image":{"@type":"ImageObject","@id":"https:\/\/secure.gravatar.com\/avatar\/d89f66f31d15c86aaa67b2d500e11b783534f791bc2a93dd89895a03d043c162?s=96&d=mm&r=g","url":"https:\/\/secure.gravatar.com\/avatar\/d89f66f31d15c86aaa67b2d500e11b783534f791bc2a93dd89895a03d043c162?s=96&d=mm&r=g","height":96,"width":96}},"publisher":{"@type":"Organization","name":"tisina.cz","logo":{"@type":"ImageObject","@id":"\/logo.png","url":"\/logo.png","width":600,"height":60}},"url":"https:\/\/www.tisina.cz\/kazdy-muze-vypadat-skvele\/","wordCount":190,"articleBody":"Ka\u017ed\u00fd v\u00ed, \u017ee \u00fabytek vlas\u016f na hlav\u011b je n\u011bco, p\u0159ed \u010d\u00edm se hroz\u00ed cel\u00fd sv\u011bt. U mu\u017e\u016f je to dnes sp\u00ed\u0161e z\u00e1zrak, kdy\u017e maj\u00ed h\u0159\u00edvu a\u017e do pozdn\u00edch let, ale \u017eeny jsou t\u00edmto poznamen\u00e1ny psychicky mnohem v\u00edce. Kter\u00e1 \u017eena by cht\u011bla m\u00edt ple\u0161 u\u017e nap\u0159\u00edklad ve \u010dty\u0159iceti letech. A\u0165 u\u017e jste pro\u0161li nep\u0159\u00edjemn\u00fdmi zdravotn\u00edmi procedurami, nebo je tento proces od p\u0159\u00edrody, my V\u00e1m m\u016f\u017eeme uleh\u010dit Va\u0161e tr\u00e1pen\u00ed. Vyb\u00edr\u00e1n\u00ed je n\u011bkdy opravdov\u00e1 radost Paruka ur\u010dit\u011b nen\u00ed to, po \u010dem jste v\u017edy tou\u017eili. Sp\u00ed\u0161e rad\u011bji utr\u00e1c\u00edte za oble\u010den\u00ed a kosmetiku, ale bohu\u017eel n\u011bkdy je to pro kr\u00e1sn\u00fd vzhled nevyhnuteln\u00e9, a proto je zde na\u0161e spole\u010dnost, kter\u00e1 V\u00e1m poskytne ty nejkr\u00e1sn\u011bj\u0161\u00ed n\u00e1hrady vlas\u016f, kter\u00e9 sednou ka\u017ed\u00e9mu. V\u00fdb\u011br spr\u00e1vn\u00e9ho kousku je jen na V\u00e1s, my V\u00e1m jen dob\u0159e porad\u00edme a nasm\u011brujeme V\u00e1s spr\u00e1vnou cestou.                                                                                                                                                                                                                                                                                                                                                                                        4.7\/5 - (6 votes)        "},{"@context":"https:\/\/schema.org\/","@type":"BreadcrumbList","itemListElement":[{"@type":"ListItem","position":1,"name":"Ka\u017ed\u00fd m\u016f\u017ee vypadat skv\u011ble","item":"https:\/\/www.tisina.cz\/kazdy-muze-vypadat-skvele\/#breadcrumbitem"}]}]