[{"@context":"https:\/\/schema.org\/","@type":"Article","@id":"https:\/\/www.tisina.cz\/jsem-mobilni-zavislak\/#Article","mainEntityOfPage":"https:\/\/www.tisina.cz\/jsem-mobilni-zavislak\/","headline":"Jsem mobiln\u00ed z\u00e1visl\u00e1k","name":"Jsem mobiln\u00ed z\u00e1visl\u00e1k","description":"Jako mal\u00e9 d\u00edt\u011b jsem si p\u0159\u00e1la mobiln\u00ed telefon. A je logick\u00e9, \u017ee jsem v tom nebyla sama, proto\u017ee opravdu hodn\u011b d\u011bti tou\u017e\u00ed po mobiln\u00edm telefonu, kdy\u017e je to zrovna popul\u00e1rn\u00ed v\u011bc. Jenom si t\u0159eba vzpome\u0148te na sebe, kdy\u017e byl popul\u00e1rn\u00ed t\u0159eba\u00a0walkmana\u00a0nebo\u00a0diskman. Taky jste ho jist\u011b cht\u011bli. A za m\u011b byly popul\u00e1rn\u00ed u\u017e mobiln\u00ed telefony. To [&hellip;]","datePublished":"2022-08-03","dateModified":"2023-05-30","author":{"@type":"Person","@id":"https:\/\/www.tisina.cz\/author\/#Person","name":"","url":"https:\/\/www.tisina.cz\/author\/","identifier":1,"image":{"@type":"ImageObject","@id":"https:\/\/secure.gravatar.com\/avatar\/d89f66f31d15c86aaa67b2d500e11b783534f791bc2a93dd89895a03d043c162?s=96&d=mm&r=g","url":"https:\/\/secure.gravatar.com\/avatar\/d89f66f31d15c86aaa67b2d500e11b783534f791bc2a93dd89895a03d043c162?s=96&d=mm&r=g","height":96,"width":96}},"publisher":{"@type":"Organization","name":"tisina.cz","logo":{"@type":"ImageObject","@id":"\/logo.png","url":"\/logo.png","width":600,"height":60}},"image":{"@type":"ImageObject","@id":"https:\/\/www.tisina.cz\/wp-content\/uploads\/iphone-2468714_960_720.png","url":"https:\/\/www.tisina.cz\/wp-content\/uploads\/iphone-2468714_960_720.png","height":0,"width":0},"url":"https:\/\/www.tisina.cz\/jsem-mobilni-zavislak\/","about":["Mobil"],"wordCount":423,"articleBody":"Jako mal\u00e9 d\u00edt\u011b jsem si p\u0159\u00e1la mobiln\u00ed telefon. A je logick\u00e9, \u017ee jsem v tom nebyla sama, proto\u017ee opravdu hodn\u011b d\u011bti tou\u017e\u00ed po mobiln\u00edm telefonu, kdy\u017e je to zrovna popul\u00e1rn\u00ed v\u011bc. Jenom si t\u0159eba vzpome\u0148te na sebe, kdy\u017e byl popul\u00e1rn\u00ed t\u0159eba\u00a0walkmana\u00a0nebo\u00a0diskman. Taky jste ho jist\u011b cht\u011bli. A za m\u011b byly popul\u00e1rn\u00ed u\u017e mobiln\u00ed telefony. To mi bylo asi dev\u011bt let, kdy\u017e u\u017e mobiln\u00ed telefon byl na trhu zcela b\u011b\u017en\u00fd a m\u011bly ho b\u011b\u017en\u011b tak\u00e9 d\u011bti. Jenom\u017ee moji rodi\u010de mi ho st\u00e1le necht\u011bli koupit. Tak jsem z rodi\u010d\u016f ptala, pro\u010d mi necht\u011bj\u00ed koupit mobiln\u00ed telefon. Divila jsem se, proto\u017ee v\u0161echny d\u011bti okolo ho m\u011bly.A to klidn\u011b i mlad\u0161\u00ed d\u011bti. Cht\u011bla jsem si tam hr\u00e1t r\u016fzn\u00e9 hry, kter\u00e9 si hraj\u00ed ostatn\u00ed d\u011bti od n\u00e1s z ulice. Taky jsem si \u0159ekla, \u017ee bych si tam mohla d\u00e1vat klidn\u011b \u0161koln\u00ed bud\u00edk. Zat\u00edm m\u011b doposud budila moje m\u00e1ma, kter\u00e1 m\u00e1 bud\u00edk na mobiln\u00edm telefonu, a tak jsem si \u0159ekla, \u017ee bych mo\u017en\u00e1 t\u0159eba rodi\u010de p\u0159emluvila t\u00edm, \u017ee bych si na sv\u016fj mobiln\u00ed telefon d\u00e1vala taky vlastn\u00ed bud\u00edk. A sv\u011bte div se, tohle pomohlo d\u00edky tomu, \u017ee jsem \u0159ekla, \u017ee si budu vst\u00e1vat sama.A rodi\u010de mi po\u0159\u00eddili mobiln\u00ed telefon. Sice to nebyl \u017e\u00e1dn\u00fd extra mobil, \u017e\u00e1dn\u00fd v\u00fdkv\u011bt techniky, ale byla jsem r\u00e1da alespo\u0148 za tohle. Hlavn\u011b, \u017ee ten mobiln\u00ed telefon m\u011bl hry a taky jsem se tam mohla stahovat dal\u0161\u00ed hry a taky m\u011bl fotoapar\u00e1t. Proto\u017ee v dne\u0161n\u00ed dob\u011b mobiln\u00ed telefon bez fo\u0165\u00e1ku je opravdu na nic. A mnoho lid\u00ed vyu\u017e\u00edv\u00e1 mobiln\u00ed telefon taky jako fotoapar\u00e1t, tak\u017ee j\u00e1 jsem tohle cht\u011bla taky. A sice nebudu z n\u011bho moc volat, proto\u017ee pochybuji, \u017ee mi rodi\u010de budou st\u00e1t dob\u00edjet kredit, ale m\u011b sta\u010d\u00ed mobiln\u00ed telefon hlavn\u011b na to, \u017ee ho m\u00e1m a \u017ee ostatn\u00edm d\u011btem uk\u00e1\u017ei, \u017ee taky m\u00e1m mobiln\u00ed telefon, \u017ee nejsem v\u00fdjimka, kter\u00e1 nem\u00e1 mobil. A vy\u00a0si pamatujete\u00a0na ty doby, kdy byl mobiln\u00ed telefon \u00fapln\u00e1 novinka a\u00a0v\u0161ichni\u00a0po n\u011bm tou\u017eili? J\u00e1 ano a byla to\u00a0docela\u00a0prima doba, jak se\u00a0v\u0161ichni\u00a0p\u0159edh\u00e1n\u011bli, kdo m\u00e1 lep\u0161\u00ed mobil.\u00a0                                                                                                                                                                                                                                                                                                                                                                                        3.6\/5 - (10 votes)        "},{"@context":"https:\/\/schema.org\/","@type":"BreadcrumbList","itemListElement":[{"@type":"ListItem","position":1,"name":"Jsem mobiln\u00ed z\u00e1visl\u00e1k","item":"https:\/\/www.tisina.cz\/jsem-mobilni-zavislak\/#breadcrumbitem"}]}]