[{"@context":"https:\/\/schema.org\/","@type":"Article","@id":"https:\/\/www.tisina.cz\/jak-obleknout-dite-v-zime\/#Article","mainEntityOfPage":"https:\/\/www.tisina.cz\/jak-obleknout-dite-v-zime\/","headline":"Jak obl\u00e9knout d\u00edt\u011b v zim\u011b?","name":"Jak obl\u00e9knout d\u00edt\u011b v zim\u011b?","description":"Vypravit se v zim\u011b s mal\u00fdm raub\u00ed\u0159em u\u017e nebude tak jednoduch\u00e9 jako v letn\u00edch m\u011bs\u00edc\u00edch. Mal\u00e9 ratolesti jsou toti\u017e velmi n\u00e1chyln\u00ed k prochladnut\u00ed nebo naopak k p\u0159eh\u0159\u00e1t\u00ed. Proto je d\u016fle\u017eit\u00e9 um\u011bt spr\u00e1vn\u011b vrstvit oble\u010den\u00ed, zvolit vhodnou obuv a i dopl\u0148ky v podob\u011b \u010depice nebo rukavic. Nezapom\u00ednejte ani na chr\u00e1n\u011bn\u00ed poko\u017eky p\u0159ed mrazem. Mal\u00e1 t\u011bl\u00ed\u010dka va\u0161ich [&hellip;]","datePublished":"2018-11-04","dateModified":"2018-11-04","author":{"@type":"Person","@id":"https:\/\/www.tisina.cz\/author\/#Person","name":"","url":"https:\/\/www.tisina.cz\/author\/","identifier":1,"image":{"@type":"ImageObject","@id":"https:\/\/secure.gravatar.com\/avatar\/d89f66f31d15c86aaa67b2d500e11b783534f791bc2a93dd89895a03d043c162?s=96&d=mm&r=g","url":"https:\/\/secure.gravatar.com\/avatar\/d89f66f31d15c86aaa67b2d500e11b783534f791bc2a93dd89895a03d043c162?s=96&d=mm&r=g","height":96,"width":96}},"publisher":{"@type":"Organization","name":"tisina.cz","logo":{"@type":"ImageObject","@id":"\/logo.png","url":"\/logo.png","width":600,"height":60}},"image":{"@type":"ImageObject","@id":"https:\/\/www.tisina.cz\/wp-content\/uploads\/img_a330428_w1704_t1543005369.jpg","url":"https:\/\/www.tisina.cz\/wp-content\/uploads\/img_a330428_w1704_t1543005369.jpg","height":0,"width":0},"url":"https:\/\/www.tisina.cz\/jak-obleknout-dite-v-zime\/","about":["Kultura"],"wordCount":392,"articleBody":"   Vypravit se v zim\u011b s mal\u00fdm raub\u00ed\u0159em u\u017e nebude tak jednoduch\u00e9 jako v letn\u00edch m\u011bs\u00edc\u00edch. Mal\u00e9 ratolesti jsou toti\u017e velmi n\u00e1chyln\u00ed k prochladnut\u00ed nebo naopak k p\u0159eh\u0159\u00e1t\u00ed. Proto je d\u016fle\u017eit\u00e9 um\u011bt spr\u00e1vn\u011b vrstvit oble\u010den\u00ed, zvolit vhodnou obuv a i dopl\u0148ky v podob\u011b \u010depice nebo rukavic. Nezapom\u00ednejte ani na chr\u00e1n\u011bn\u00ed poko\u017eky p\u0159ed mrazem.  Mal\u00e1 t\u011bl\u00ed\u010dka va\u0161ich ratolest\u00ed je\u0161t\u011b nejsou schopn\u00e1 udr\u017eovat st\u00e1lou t\u011blesnou teplotu. Termoregulace se u nich toti\u017e vyv\u00edj\u00ed a\u017e pozd\u011bj\u0161\u00edm v\u011bku. Co si pod t\u00edmto pojmem p\u0159edstavit. D\u011bti velmi snadno prochladnou nebo se naopak zpot\u00ed. Pokud venkovn\u00ed teplota klesne pod -5\u00b0C, je nejlep\u0161\u00ed s miminkem v\u016fbec nevych\u00e1zet. Po\u010dkejte na teplej\u0161\u00ed den, kter\u00fd bude pro proch\u00e1zky vhodn\u011bj\u0161\u00ed.  Pravidlo \u010d. 1: Vrstvit! Prvn\u00ed rada, kter\u00e1 se bude hodit ka\u017ed\u00e9 mamince, kter\u00e1 chce sv\u00e9 d\u00edt\u011b spr\u00e1vn\u011b obl\u00e9knout je, v\u017edy obl\u00e9kn\u011bte d\u00edt\u011bti o jednu vrstvu nav\u00edc, ne\u017e obl\u00e9k\u00e1te sob\u011b. Takzvan\u00fd syst\u00e9m vrstven\u00ed bude platit jak u mal\u00fdch miminek, tak v p\u0159ed\u0161koln\u00edm v\u011bku. U v\u011bt\u0161\u00edch ratolest\u00ed u\u017e bude sta\u010dit stejn\u00fd po\u010det vrstev, jak\u00fd m\u00e1te vy samy. Pokud se chyst\u00e1te ven, kde budete vyv\u00edjet v\u011bt\u0161\u00ed pohybovou aktivitu, nen\u00ed pot\u0159eba d\u00edt\u011b tolik obl\u00e9kat.  Pravidlo \u010d. 2: Fusak Miminka, kter\u00e1 jsou oble\u010den\u00e1, a p\u0159ipraven\u00e1 na zimn\u00ed proj\u00ed\u017e\u010fku je\u0161t\u011b zabalte v ko\u010d\u00e1rku do vhodn\u00e9ho fusaku. U miminek m\u016f\u017eete vynechat t\u0159et\u00ed vrstvu oble\u010den\u00ed a zvolit pr\u00e1v\u011b fusak, kter\u00fd je tak spolehliv\u011b ochr\u00e1n\u00ed p\u0159ed vn\u011bj\u0161\u00edm mrazem. Pravidlo \u010d. 3: Rukavice, \u0161\u00e1la, \u010depice nebo tepl\u00e9 pono\u017eky Nezapom\u00ednjete ani na dal\u0161\u00ed dopl\u0148ky vhodn\u00e9ho oble\u010den\u00ed. Nap\u0159\u00edklad rukavice by m\u011bly vzhledem k aktivit\u011b zateplen\u00e9 a hlavn\u011b nepromokav\u00e9. Pokud se boj\u00edte, \u017ee by si d\u00edt\u011b mohlo sundat \u010depici, zvolte takovou, kter\u00e1 bude zavazovac\u00ed pod krkem. Zapom\u00ednat byste nem\u011bli ani na kvalitn\u00ed termo pono\u017eky, kter\u00e9 dok\u00e1\u017eou udr\u017eet chodidlo v suchu a teple po cel\u00fd den. JUNIOR d\u011btsk\u00e9 pono\u017eky Craft jsou skv\u011blou variantou pro promrzl\u00e9 no\u017eky ka\u017ed\u00e9ho d\u00edt\u011bte.                                                                                                                                                                                                                                                                                                                                                                                          4.7\/5 - (4 votes)        "},{"@context":"https:\/\/schema.org\/","@type":"BreadcrumbList","itemListElement":[{"@type":"ListItem","position":1,"name":"Jak obl\u00e9knout d\u00edt\u011b v zim\u011b?","item":"https:\/\/www.tisina.cz\/jak-obleknout-dite-v-zime\/#breadcrumbitem"}]}]