[{"@context":"https:\/\/schema.org\/","@type":"Article","@id":"https:\/\/www.tisina.cz\/firemni-darky-na-skoleni\/#Article","mainEntityOfPage":"https:\/\/www.tisina.cz\/firemni-darky-na-skoleni\/","headline":"Firemn\u00ed d\u00e1rky na \u0161kolen\u00ed","name":"Firemn\u00ed d\u00e1rky na \u0161kolen\u00ed","description":"N\u011bkter\u00e1 zam\u011bstn\u00e1n\u00ed vy\u017eaduj\u00ed \u0161kolen\u00ed zam\u011bstnanc\u016f s ohledem na bezpe\u010dnost pr\u00e1ce, spr\u00e1vn\u00e9 pou\u017e\u00edv\u00e1n\u00ed pracovn\u00edch pom\u016fcek a stroj\u016f a dodr\u017eov\u00e1n\u00ed pracovn\u00edch postup\u016f. V n\u011bkter\u00fdch profes\u00edch se lid\u00e9 \u0161kol\u00ed i v\u00edcekr\u00e1t, zvy\u0161uj\u00ed si t\u00edm kvalifikaci a mohou pak vykon\u00e1vat zam\u011bstn\u00e1n\u00ed l\u00e9pe ne\u017e dosud a mohou se tak\u00e9 sn\u00e1ze uplatnit na trhu pr\u00e1ce. Kdy\u017e je zam\u011bstnanec vysl\u00e1n na \u0161kolen\u00ed [&hellip;]","datePublished":"2024-10-09","dateModified":"2024-10-09","author":{"@type":"Person","@id":"https:\/\/www.tisina.cz\/author\/#Person","name":"","url":"https:\/\/www.tisina.cz\/author\/","identifier":1,"image":{"@type":"ImageObject","@id":"https:\/\/secure.gravatar.com\/avatar\/d89f66f31d15c86aaa67b2d500e11b783534f791bc2a93dd89895a03d043c162?s=96&d=mm&r=g","url":"https:\/\/secure.gravatar.com\/avatar\/d89f66f31d15c86aaa67b2d500e11b783534f791bc2a93dd89895a03d043c162?s=96&d=mm&r=g","height":96,"width":96}},"publisher":{"@type":"Organization","name":"tisina.cz","logo":{"@type":"ImageObject","@id":"\/logo.png","url":"\/logo.png","width":600,"height":60}},"image":{"@type":"ImageObject","@id":"https:\/\/www.tisina.cz\/wp-content\/uploads\/notebook-2435546_640_4.jpg","url":"https:\/\/www.tisina.cz\/wp-content\/uploads\/notebook-2435546_640_4.jpg","height":0,"width":0},"url":"https:\/\/www.tisina.cz\/firemni-darky-na-skoleni\/","about":["Zbo\u017e\u00ed"],"wordCount":418,"articleBody":"        N\u011bkter\u00e1 zam\u011bstn\u00e1n\u00ed vy\u017eaduj\u00ed \u0161kolen\u00ed zam\u011bstnanc\u016f s ohledem na bezpe\u010dnost pr\u00e1ce, spr\u00e1vn\u00e9 pou\u017e\u00edv\u00e1n\u00ed pracovn\u00edch pom\u016fcek a stroj\u016f a dodr\u017eov\u00e1n\u00ed pracovn\u00edch postup\u016f. V n\u011bkter\u00fdch profes\u00edch se lid\u00e9 \u0161kol\u00ed i v\u00edcekr\u00e1t, zvy\u0161uj\u00ed si t\u00edm kvalifikaci a mohou pak vykon\u00e1vat zam\u011bstn\u00e1n\u00ed l\u00e9pe ne\u017e dosud a mohou se tak\u00e9 sn\u00e1ze uplatnit na trhu pr\u00e1ce. Kdy\u017e je zam\u011bstnanec vysl\u00e1n na \u0161kolen\u00ed mimo sv\u00e9 pracovi\u0161t\u011b, setk\u00e1 se tu s jin\u00fdmi lidmi, n\u011bkdy i z druh\u00e9ho konce republiky nebo ze zahrani\u010d\u00ed. \u0160kolen\u00ed prob\u00edhaj\u00ed v\u011bt\u0161inou v\u00edce dn\u00ed a p\u0159\u00edpadn\u011b je zam\u011bstnanc\u016fm zaji\u0161\u0165ov\u00e1no ubytov\u00e1n\u00ed. Sou\u010d\u00e1st\u00ed firemn\u00edch \u0161kolen\u00ed jsou tak\u00e9 firemn\u00ed d\u00e1rky, pat\u0159\u00ed to k b\u011b\u017en\u00fdm zvyklostem, kter\u00e9 tento proces obohat\u00ed lidsk\u00fdm p\u0159\u00edstupem a z\u00e1rove\u0148 si t\u00edm \u0161kolic\u00ed spole\u010dnost zaji\u0161\u0165uje neform\u00e1ln\u00ed reklamu. Kter\u00e9 p\u0159edm\u011bty se tu nap\u0159\u00edklad mohou objevit?  Hrnky \u2013 vd\u011b\u010dn\u00fd p\u0159edm\u011bt, kter\u00fd nezklame na \u017e\u00e1dn\u00e9m \u0161kolen\u00ed. Hrnek lze ihned v tamn\u00edm prost\u0159ed\u00ed vyu\u017e\u00edt pro \u010daj nebo k\u00e1vu \u010di jin\u00e9 n\u00e1poje dostupn\u00e9 ve \u0161kolic\u00ed m\u00edstnosti. Z\u00e1znamn\u00edk a propiska \u2013 tyto reklamn\u00ed p\u0159edm\u011bty takt\u00e9\u017e mohou naj\u00edt vyu\u017eit\u00ed na \u0161kolen\u00edch, kde si do nich zam\u011bstnanci zapisuj\u00ed pozn\u00e1mky. Pap\u00edrov\u00e9 z\u00e1znamn\u00edky p\u0159ed\u010d\u00ed digit\u00e1ln\u00ed elektroniku, proto\u017ee se nemohou porouchat, nevy\u017eaduj\u00ed \u017e\u00e1dn\u00e9 nap\u00e1jen\u00ed a \u201eco je ps\u00e1no, to je d\u00e1no\u201c \u2013 tedy nic se ze z\u00e1znamn\u00edku samo nevyma\u017ee.  De\u0161tn\u00edky \u2013 nepr\u0161\u00ed sice ka\u017ed\u00fd den, ale rozta\u017een\u00fd de\u0161tn\u00edk je velk\u00e1 reklamn\u00ed plocha, kter\u00e1 m\u016f\u017ee oslovit stovky lid\u00ed na ulici na pom\u011brn\u011b velkou vzd\u00e1lenost. \u010cepice \u2013 k\u0161iltovka pot\u011b\u0161\u00ed jako drobn\u00e1 pozornost, hod\u00ed se pro b\u011b\u017en\u00e9 no\u0161en\u00ed nebo pro sportovn\u00ed aktivity, zahrajete si s n\u00ed golf nebo si j\u00ed m\u016f\u017eete vz\u00edt na proj\u00ed\u017e\u010fku na kole. Tri\u010dka \u2013 tri\u010dko s potiskem nebo mikina \u010di poloko\u0161ile pat\u0159\u00ed k finan\u010dn\u011b n\u00e1kladn\u011bj\u0161\u00edm reklamn\u00edm p\u0159edm\u011bt\u016fm, ale hodnota t\u011bchto p\u0159edm\u011bt\u016f v\u011bt\u0161inou p\u0159evy\u0161uje jin\u00e9 reklamn\u00ed d\u00e1rky. D\u016fle\u017eit\u00e9 je ov\u0161em volit vhodnou velikost od\u011bv\u016f, aby to pro klienty \u0161kolen\u00ed m\u011blo praktick\u00fd v\u00fdznam. Ve spolupr\u00e1ci s https:\/\/smartlunch.com\/cs\/.                                                                                                                                                                                                                                                                                                                                                                                                  "},{"@context":"https:\/\/schema.org\/","@type":"BreadcrumbList","itemListElement":[{"@type":"ListItem","position":1,"name":"Firemn\u00ed d\u00e1rky na \u0161kolen\u00ed","item":"https:\/\/www.tisina.cz\/firemni-darky-na-skoleni\/#breadcrumbitem"}]}]